{"id":28215,"date":"2012-06-22T13:24:38","date_gmt":"2012-06-22T12:24:38","guid":{"rendered":"https:\/\/www.saegenvier.at\/erinnern-at-jahresbericht"},"modified":"2012-06-22T13:24:38","modified_gmt":"2012-06-22T12:24:38","slug":"erinnern-at-jahresbericht","status":"publish","type":"post","link":"https:\/\/www.saegenvier.at\/en\/erinnern-at-jahresbericht","title":{"rendered":"erinnern.at Jahresbericht"},"content":{"rendered":"<p>Mit und f\u00fcr Dr. Werner Bundschuh haben wir diesen Jahresbericht im Stil der 10-Jahres-Brosch\u00fcre gestaltet. Aktuell wurde dieses Thema auch durch meinen Sohn Jonas, dem ich die Naftali F\u00fcrst Mappe f\u00fcr ein Geschichte-Referat gegeben habe. Wunderbar, wenn die Kinder in ein Alter kommen, indem wir miteinander diskutieren k\u00f6nnen. Da l\u00e4uft was&#8230;<\/p>\n","protected":false},"excerpt":{"rendered":"<p>Mit und f\u00fcr Dr. Werner Bundschuh haben wir diesen Jahresbericht im Stil der 10-Jahres-Brosch\u00fcre gestaltet. Aktuell wurde dieses Thema auch durch meinen Sohn Jonas, dem ich die Naftali F\u00fcrst Mappe f\u00fcr ein Geschichte-Referat gegeben habe. Wunderbar, wenn die Kinder in ein Alter kommen, indem wir miteinander diskutieren k\u00f6nnen. Da l\u00e4uft was&#8230;<\/p>\n","protected":false},"author":1,"featured_media":0,"comment_status":"open","ping_status":"open","sticky":false,"template":"","format":"standard","meta":{"footnotes":""},"categories":[595,609],"tags":[680],"class_list":["post-28215","post","type-post","status-publish","format-standard","hentry","category-editorial-en","category-work","tag-erinnern-at-en"],"_links":{"self":[{"href":"https:\/\/www.saegenvier.at\/en\/wp-json\/wp\/v2\/posts\/28215","targetHints":{"allow":["GET"]}}],"collection":[{"href":"https:\/\/www.saegenvier.at\/en\/wp-json\/wp\/v2\/posts"}],"about":[{"href":"https:\/\/www.saegenvier.at\/en\/wp-json\/wp\/v2\/types\/post"}],"author":[{"embeddable":true,"href":"https:\/\/www.saegenvier.at\/en\/wp-json\/wp\/v2\/users\/1"}],"replies":[{"embeddable":true,"href":"https:\/\/www.saegenvier.at\/en\/wp-json\/wp\/v2\/comments?post=28215"}],"version-history":[{"count":0,"href":"https:\/\/www.saegenvier.at\/en\/wp-json\/wp\/v2\/posts\/28215\/revisions"}],"wp:attachment":[{"href":"https:\/\/www.saegenvier.at\/en\/wp-json\/wp\/v2\/media?parent=28215"}],"wp:term":[{"taxonomy":"category","embeddable":true,"href":"https:\/\/www.saegenvier.at\/en\/wp-json\/wp\/v2\/categories?post=28215"},{"taxonomy":"post_tag","embeddable":true,"href":"https:\/\/www.saegenvier.at\/en\/wp-json\/wp\/v2\/tags?post=28215"}],"curies":[{"name":"wp","href":"https:\/\/api.w.org\/{rel}","templated":true}]}}