{"id":28220,"date":"2012-06-15T12:24:18","date_gmt":"2012-06-15T11:24:18","guid":{"rendered":"https:\/\/www.saegenvier.at\/sicher-zur-schule-vvv"},"modified":"2012-06-15T12:24:18","modified_gmt":"2012-06-15T11:24:18","slug":"sicher-zur-schule-vvv","status":"publish","type":"post","link":"https:\/\/www.saegenvier.at\/en\/sicher-zur-schule-vvv","title":{"rendered":"Sicher zur Schule"},"content":{"rendered":"<p>Diesen kindlich, g\u00f6ttlichen Sch\u00fclerinfofolder f\u00fcr den Stadtbus Feldkirch hat Klaus \u00d6sterle gestaltet. Wunderbar. Witzig und spritzig und fein.<\/p>\n","protected":false},"excerpt":{"rendered":"<p>Diesen kindlich, g\u00f6ttlichen Sch\u00fclerinfofolder f\u00fcr den Stadtbus Feldkirch hat Klaus \u00d6sterle gestaltet. Wunderbar. Witzig und spritzig und fein.<\/p>\n","protected":false},"author":1,"featured_media":0,"comment_status":"open","ping_status":"open","sticky":false,"template":"","format":"standard","meta":{"footnotes":""},"categories":[594,598,609],"tags":[642,643],"class_list":["post-28220","post","type-post","status-publish","format-standard","hentry","category-designkommunikation-en","category-illustration-en","category-work","tag-landbus-oberes-rheintal-en","tag-stadtbus-feldkirch-en"],"_links":{"self":[{"href":"https:\/\/www.saegenvier.at\/en\/wp-json\/wp\/v2\/posts\/28220","targetHints":{"allow":["GET"]}}],"collection":[{"href":"https:\/\/www.saegenvier.at\/en\/wp-json\/wp\/v2\/posts"}],"about":[{"href":"https:\/\/www.saegenvier.at\/en\/wp-json\/wp\/v2\/types\/post"}],"author":[{"embeddable":true,"href":"https:\/\/www.saegenvier.at\/en\/wp-json\/wp\/v2\/users\/1"}],"replies":[{"embeddable":true,"href":"https:\/\/www.saegenvier.at\/en\/wp-json\/wp\/v2\/comments?post=28220"}],"version-history":[{"count":0,"href":"https:\/\/www.saegenvier.at\/en\/wp-json\/wp\/v2\/posts\/28220\/revisions"}],"wp:attachment":[{"href":"https:\/\/www.saegenvier.at\/en\/wp-json\/wp\/v2\/media?parent=28220"}],"wp:term":[{"taxonomy":"category","embeddable":true,"href":"https:\/\/www.saegenvier.at\/en\/wp-json\/wp\/v2\/categories?post=28220"},{"taxonomy":"post_tag","embeddable":true,"href":"https:\/\/www.saegenvier.at\/en\/wp-json\/wp\/v2\/tags?post=28220"}],"curies":[{"name":"wp","href":"https:\/\/api.w.org\/{rel}","templated":true}]}}