{"id":28253,"date":"2012-01-30T17:56:58","date_gmt":"2012-01-30T16:56:58","guid":{"rendered":"https:\/\/www.saegenvier.at\/erich-wiesmuller"},"modified":"2012-01-30T17:56:58","modified_gmt":"2012-01-30T16:56:58","slug":"erich-wiesmuller","status":"publish","type":"post","link":"https:\/\/www.saegenvier.at\/en\/erich-wiesmuller","title":{"rendered":"Erich Wiesm\u00fcller"},"content":{"rendered":"<p>Ich habe Erich vor ca. einem Jahr pers\u00f6nlich kennen und sch\u00e4tzen gelernt. Er besch\u00e4ftigt sich seit geraumer Zeit mit dem Thema Collage. Seine Tageszeitungscollagen, seine Rauminterventionen, seine Portraits etc. faszinieren uns. Ich pers\u00f6nlich bin vom Jochen Rindt Portrait besonders angezogen. War als Kind ein absoluter Fan des leider verunfallten Formel1-Fahrers. Wir w\u00fcrden gerne einmal mit Erich ein Signaletik Projekt umsetzen.  <a href=\"http:\/\/www.wiesmueller.at\/\">www.wiesmueller.at<\/a><\/p>\n","protected":false},"excerpt":{"rendered":"<p>Ich habe Erich vor ca. einem Jahr pers\u00f6nlich kennen und sch\u00e4tzen gelernt. Er besch\u00e4ftigt sich seit geraumer Zeit mit dem Thema Collage. Seine Tageszeitungscollagen, seine Rauminterventionen, seine Portraits etc. faszinieren uns. Ich pers\u00f6nlich bin vom Jochen Rindt Portrait besonders angezogen. War als Kind ein absoluter Fan des leider verunfallten Formel1-Fahrers. Wir w\u00fcrden gerne einmal mit [&hellip;]<\/p>\n","protected":false},"author":1,"featured_media":0,"comment_status":"open","ping_status":"open","sticky":false,"template":"","format":"standard","meta":{"footnotes":""},"categories":[608],"tags":[727,728],"class_list":["post-28253","post","type-post","status-publish","format-standard","hentry","category-around-us","tag-erich-wiesmuller-en","tag-kunst-en"],"_links":{"self":[{"href":"https:\/\/www.saegenvier.at\/en\/wp-json\/wp\/v2\/posts\/28253","targetHints":{"allow":["GET"]}}],"collection":[{"href":"https:\/\/www.saegenvier.at\/en\/wp-json\/wp\/v2\/posts"}],"about":[{"href":"https:\/\/www.saegenvier.at\/en\/wp-json\/wp\/v2\/types\/post"}],"author":[{"embeddable":true,"href":"https:\/\/www.saegenvier.at\/en\/wp-json\/wp\/v2\/users\/1"}],"replies":[{"embeddable":true,"href":"https:\/\/www.saegenvier.at\/en\/wp-json\/wp\/v2\/comments?post=28253"}],"version-history":[{"count":0,"href":"https:\/\/www.saegenvier.at\/en\/wp-json\/wp\/v2\/posts\/28253\/revisions"}],"wp:attachment":[{"href":"https:\/\/www.saegenvier.at\/en\/wp-json\/wp\/v2\/media?parent=28253"}],"wp:term":[{"taxonomy":"category","embeddable":true,"href":"https:\/\/www.saegenvier.at\/en\/wp-json\/wp\/v2\/categories?post=28253"},{"taxonomy":"post_tag","embeddable":true,"href":"https:\/\/www.saegenvier.at\/en\/wp-json\/wp\/v2\/tags?post=28253"}],"curies":[{"name":"wp","href":"https:\/\/api.w.org\/{rel}","templated":true}]}}