{"id":28286,"date":"2011-11-17T13:36:59","date_gmt":"2011-11-17T12:36:59","guid":{"rendered":"https:\/\/www.saegenvier.at\/dietrich-untertrifaller-architekten"},"modified":"2011-11-17T13:36:59","modified_gmt":"2011-11-17T12:36:59","slug":"dietrich-untertrifaller-architekten","status":"publish","type":"post","link":"https:\/\/www.saegenvier.at\/en\/dietrich-untertrifaller-architekten","title":{"rendered":"Dietrich Untertrifaller Architekten"},"content":{"rendered":"<p>Und wieder ist eines der besten Architekturb\u00fcros in Vorarlberg auf unserer Referenzliste. Martin Platzgummer, Monika Schnitzbauer und Cornelia Wolf haben ganze Arbeit geleistet, einen wunderbaren Entwurf und eine anspruchsvolle Struktur konzipiert und Ewald Natter hat dies perfekt programmiert. D und U bef\u00fcllen ihre Internetseite komplett eigenst\u00e4ndig. Bravissimo und Muchas Gracias an alle. Und alles Gute zum Firmenjubil\u00e4um Helmut und Much.<\/p>\n<p><a title=\"Dietrich Untertrifaller\" href=\"http:\/\/www.dietrich.untertrifaller.com\/\" target=\"_blank\">www.dietrich.untertrifaller.com<\/a><\/p>\n","protected":false},"excerpt":{"rendered":"<p>Und wieder ist eines der besten Architekturb\u00fcros in Vorarlberg auf unserer Referenzliste. Martin Platzgummer, Monika Schnitzbauer und Cornelia Wolf haben ganze Arbeit geleistet, einen wunderbaren Entwurf und eine anspruchsvolle Struktur konzipiert und Ewald Natter hat dies perfekt programmiert. D und U bef\u00fcllen ihre Internetseite komplett eigenst\u00e4ndig. Bravissimo und Muchas Gracias an alle. Und alles Gute [&hellip;]<\/p>\n","protected":false},"author":1,"featured_media":0,"comment_status":"open","ping_status":"open","sticky":false,"template":"","format":"standard","meta":{"footnotes":""},"categories":[604,609],"tags":[735,749],"class_list":["post-28286","post","type-post","status-publish","format-standard","hentry","category-web-en","category-work","tag-architekten-en","tag-dietrich-untertrifaller-en"],"_links":{"self":[{"href":"https:\/\/www.saegenvier.at\/en\/wp-json\/wp\/v2\/posts\/28286","targetHints":{"allow":["GET"]}}],"collection":[{"href":"https:\/\/www.saegenvier.at\/en\/wp-json\/wp\/v2\/posts"}],"about":[{"href":"https:\/\/www.saegenvier.at\/en\/wp-json\/wp\/v2\/types\/post"}],"author":[{"embeddable":true,"href":"https:\/\/www.saegenvier.at\/en\/wp-json\/wp\/v2\/users\/1"}],"replies":[{"embeddable":true,"href":"https:\/\/www.saegenvier.at\/en\/wp-json\/wp\/v2\/comments?post=28286"}],"version-history":[{"count":0,"href":"https:\/\/www.saegenvier.at\/en\/wp-json\/wp\/v2\/posts\/28286\/revisions"}],"wp:attachment":[{"href":"https:\/\/www.saegenvier.at\/en\/wp-json\/wp\/v2\/media?parent=28286"}],"wp:term":[{"taxonomy":"category","embeddable":true,"href":"https:\/\/www.saegenvier.at\/en\/wp-json\/wp\/v2\/categories?post=28286"},{"taxonomy":"post_tag","embeddable":true,"href":"https:\/\/www.saegenvier.at\/en\/wp-json\/wp\/v2\/tags?post=28286"}],"curies":[{"name":"wp","href":"https:\/\/api.w.org\/{rel}","templated":true}]}}