{"id":28315,"date":"2011-07-23T14:45:28","date_gmt":"2011-07-23T13:45:28","guid":{"rendered":"https:\/\/www.saegenvier.at\/pro-mente-v-jahresbericht-2010-2"},"modified":"2011-07-23T14:45:28","modified_gmt":"2011-07-23T13:45:28","slug":"pro-mente-v-jahresbericht-2010-2","status":"publish","type":"post","link":"https:\/\/www.saegenvier.at\/en\/pro-mente-v-jahresbericht-2010-2","title":{"rendered":"Pro Mente V Jahresbericht 2010"},"content":{"rendered":"<p>Die Serie, die wir 2010 mit dem Fotografen Darko Todorovic begonnen hatten, ging heuer mit Lukas H\u00e4mmerle weiter. Er hat mit Polaroidbildern seiner Gro\u00dfsippe Portraits geliefert. Ein Lebensblick durch s\u00e4mtliche Generationenaugen. Fein und sch\u00f6n. Danke an die Auftraggeber und an die GestalterInnen.<\/p>\n","protected":false},"excerpt":{"rendered":"<p>Die Serie, die wir 2010 mit dem Fotografen Darko Todorovic begonnen hatten, ging heuer mit Lukas H\u00e4mmerle weiter. Er hat mit Polaroidbildern seiner Gro\u00dfsippe Portraits geliefert. Ein Lebensblick durch s\u00e4mtliche Generationenaugen. Fein und sch\u00f6n. Danke an die Auftraggeber und an die GestalterInnen.<\/p>\n","protected":false},"author":1,"featured_media":0,"comment_status":"open","ping_status":"open","sticky":false,"template":"","format":"standard","meta":{"footnotes":""},"categories":[595,609],"tags":[631,701],"class_list":["post-28315","post","type-post","status-publish","format-standard","hentry","category-editorial-en","category-work","tag-fotografie-en","tag-promente-en"],"_links":{"self":[{"href":"https:\/\/www.saegenvier.at\/en\/wp-json\/wp\/v2\/posts\/28315","targetHints":{"allow":["GET"]}}],"collection":[{"href":"https:\/\/www.saegenvier.at\/en\/wp-json\/wp\/v2\/posts"}],"about":[{"href":"https:\/\/www.saegenvier.at\/en\/wp-json\/wp\/v2\/types\/post"}],"author":[{"embeddable":true,"href":"https:\/\/www.saegenvier.at\/en\/wp-json\/wp\/v2\/users\/1"}],"replies":[{"embeddable":true,"href":"https:\/\/www.saegenvier.at\/en\/wp-json\/wp\/v2\/comments?post=28315"}],"version-history":[{"count":0,"href":"https:\/\/www.saegenvier.at\/en\/wp-json\/wp\/v2\/posts\/28315\/revisions"}],"wp:attachment":[{"href":"https:\/\/www.saegenvier.at\/en\/wp-json\/wp\/v2\/media?parent=28315"}],"wp:term":[{"taxonomy":"category","embeddable":true,"href":"https:\/\/www.saegenvier.at\/en\/wp-json\/wp\/v2\/categories?post=28315"},{"taxonomy":"post_tag","embeddable":true,"href":"https:\/\/www.saegenvier.at\/en\/wp-json\/wp\/v2\/tags?post=28315"}],"curies":[{"name":"wp","href":"https:\/\/api.w.org\/{rel}","templated":true}]}}