{"id":28318,"date":"2011-07-10T20:44:40","date_gmt":"2011-07-10T19:44:40","guid":{"rendered":"https:\/\/www.saegenvier.at\/sagenvier-goes-zuri-west"},"modified":"2023-04-11T18:47:28","modified_gmt":"2023-04-11T16:47:28","slug":"sagenvier-goes-zuri-west","status":"publish","type":"post","link":"https:\/\/www.saegenvier.at\/en\/sagenvier-goes-zuri-west","title":{"rendered":"S\u00e4genvier goes Z\u00fcri West"},"content":{"rendered":"<p>S\u00e4genvier gemeinsam weiterentwickeln. Fein fr\u00fchst\u00fccken, plaudern, wundern und in die Zukunft schauen&#8230; In der roten Fabrik am Z\u00fcri-See genau richtig. Und bei Thomas Keck schlemmten wir prima Thai-Essen. Ein Geheimtipp auf alle F\u00e4lle. Wir freuen uns auf die Zukunft. Und ein sch\u00f6ner Zufall &#8211; oder eben keiner &#8211; das Label der Jacke von Gerhard Pfefferkorn (unser Finanz- und Unternehmensberater) ist mit S\u00e4genvier gebrandet. Sehr brav.<\/p>\n","protected":false},"excerpt":{"rendered":"<p>S\u00e4genvier gemeinsam weiterentwickeln. Fein fr\u00fchst\u00fccken, plaudern, wundern und in die Zukunft schauen&#8230; In der roten Fabrik am Z\u00fcri-See genau richtig. Und bei Thomas Keck schlemmten wir prima Thai-Essen. Ein Geheimtipp auf alle F\u00e4lle. Wir freuen uns auf die Zukunft. Und ein sch\u00f6ner Zufall &#8211; oder eben keiner &#8211; das Label der Jacke von Gerhard Pfefferkorn [&hellip;]<\/p>\n","protected":false},"author":1,"featured_media":0,"comment_status":"closed","ping_status":"closed","sticky":false,"template":"","format":"standard","meta":{"footnotes":""},"categories":[608,1027],"tags":[630,651],"class_list":["post-28318","post","type-post","status-publish","format-standard","hentry","category-around-us","category-employer-branding-en","tag-sagenvier-en","tag-team-en"],"_links":{"self":[{"href":"https:\/\/www.saegenvier.at\/en\/wp-json\/wp\/v2\/posts\/28318","targetHints":{"allow":["GET"]}}],"collection":[{"href":"https:\/\/www.saegenvier.at\/en\/wp-json\/wp\/v2\/posts"}],"about":[{"href":"https:\/\/www.saegenvier.at\/en\/wp-json\/wp\/v2\/types\/post"}],"author":[{"embeddable":true,"href":"https:\/\/www.saegenvier.at\/en\/wp-json\/wp\/v2\/users\/1"}],"replies":[{"embeddable":true,"href":"https:\/\/www.saegenvier.at\/en\/wp-json\/wp\/v2\/comments?post=28318"}],"version-history":[{"count":0,"href":"https:\/\/www.saegenvier.at\/en\/wp-json\/wp\/v2\/posts\/28318\/revisions"}],"wp:attachment":[{"href":"https:\/\/www.saegenvier.at\/en\/wp-json\/wp\/v2\/media?parent=28318"}],"wp:term":[{"taxonomy":"category","embeddable":true,"href":"https:\/\/www.saegenvier.at\/en\/wp-json\/wp\/v2\/categories?post=28318"},{"taxonomy":"post_tag","embeddable":true,"href":"https:\/\/www.saegenvier.at\/en\/wp-json\/wp\/v2\/tags?post=28318"}],"curies":[{"name":"wp","href":"https:\/\/api.w.org\/{rel}","templated":true}]}}