{"id":28345,"date":"2011-02-06T18:26:25","date_gmt":"2011-02-06T17:26:25","guid":{"rendered":"https:\/\/www.saegenvier.at\/das-kind-im-gestalter"},"modified":"2011-02-06T18:26:25","modified_gmt":"2011-02-06T17:26:25","slug":"das-kind-im-gestalter","status":"publish","type":"post","link":"https:\/\/www.saegenvier.at\/en\/das-kind-im-gestalter","title":{"rendered":"KinderarchitektInnen"},"content":{"rendered":"<p>Immer wieder staune ich, was Kinder gestalten. Mit voller Kraft und Kreativit\u00e4t. Diese Architektur ist \u00fcberraschend und es sind totale Traumh\u00e4user. Also, ein St\u00fcck Kind in unserem Erwachsenenleben m\u00fcssen wir uns einfach behalten. M\u00f6glichst bis ins hohe Alter. Spielerisch, lustvoll und locker sich an ernsthafte Themen wagen. Juhuuuuuhhhhh&#8230;<\/p>\n","protected":false},"excerpt":{"rendered":"<p>Immer wieder staune ich, was Kinder gestalten. Mit voller Kraft und Kreativit\u00e4t. Diese Architektur ist \u00fcberraschend und es sind totale Traumh\u00e4user. Also, ein St\u00fcck Kind in unserem Erwachsenenleben m\u00fcssen wir uns einfach behalten. M\u00f6glichst bis ins hohe Alter. Spielerisch, lustvoll und locker sich an ernsthafte Themen wagen. Juhuuuuuhhhhh&#8230;<\/p>\n","protected":false},"author":1,"featured_media":0,"comment_status":"open","ping_status":"open","sticky":false,"template":"","format":"standard","meta":{"footnotes":""},"categories":[608,606],"tags":[692],"class_list":["post-28345","post","type-post","status-publish","format-standard","hentry","category-around-us","category-education","tag-architektur-en"],"_links":{"self":[{"href":"https:\/\/www.saegenvier.at\/en\/wp-json\/wp\/v2\/posts\/28345","targetHints":{"allow":["GET"]}}],"collection":[{"href":"https:\/\/www.saegenvier.at\/en\/wp-json\/wp\/v2\/posts"}],"about":[{"href":"https:\/\/www.saegenvier.at\/en\/wp-json\/wp\/v2\/types\/post"}],"author":[{"embeddable":true,"href":"https:\/\/www.saegenvier.at\/en\/wp-json\/wp\/v2\/users\/1"}],"replies":[{"embeddable":true,"href":"https:\/\/www.saegenvier.at\/en\/wp-json\/wp\/v2\/comments?post=28345"}],"version-history":[{"count":0,"href":"https:\/\/www.saegenvier.at\/en\/wp-json\/wp\/v2\/posts\/28345\/revisions"}],"wp:attachment":[{"href":"https:\/\/www.saegenvier.at\/en\/wp-json\/wp\/v2\/media?parent=28345"}],"wp:term":[{"taxonomy":"category","embeddable":true,"href":"https:\/\/www.saegenvier.at\/en\/wp-json\/wp\/v2\/categories?post=28345"},{"taxonomy":"post_tag","embeddable":true,"href":"https:\/\/www.saegenvier.at\/en\/wp-json\/wp\/v2\/tags?post=28345"}],"curies":[{"name":"wp","href":"https:\/\/api.w.org\/{rel}","templated":true}]}}