{"id":28346,"date":"2011-02-06T17:39:01","date_gmt":"2011-02-06T16:39:01","guid":{"rendered":"https:\/\/www.saegenvier.at\/udo-rabensteiner"},"modified":"2011-02-06T17:39:01","modified_gmt":"2011-02-06T16:39:01","slug":"udo-rabensteiner","status":"publish","type":"post","link":"https:\/\/www.saegenvier.at\/en\/udo-rabensteiner","title":{"rendered":"Udo rabensteiner"},"content":{"rendered":"<p>F\u00fcr Udo Rabensteiner, mit dem ich zeitgleich in M\u00fcnchen studiert habe und des \u00d6fteren den Reiseweg geteilt hatte, durften wir nun ein neues Erscheinungsbild und das Web gestalten. Gute Schriftwahl, souver\u00e4ne schlichte Typografie, reduziert bis zum Gehtnichtmehr. Alles fein und klein und prima. Und seine Skulpturen und seine Unterrichtst\u00e4tigkeit sind eine wirkliche Bereicherung. Danke Udo.<\/p>\n","protected":false},"excerpt":{"rendered":"<p>F\u00fcr Udo Rabensteiner, mit dem ich zeitgleich in M\u00fcnchen studiert habe und des \u00d6fteren den Reiseweg geteilt hatte, durften wir nun ein neues Erscheinungsbild und das Web gestalten. Gute Schriftwahl, souver\u00e4ne schlichte Typografie, reduziert bis zum Gehtnichtmehr. Alles fein und klein und prima. Und seine Skulpturen und seine Unterrichtst\u00e4tigkeit sind eine wirkliche Bereicherung. Danke Udo.<\/p>\n","protected":false},"author":1,"featured_media":0,"comment_status":"open","ping_status":"open","sticky":false,"template":"","format":"standard","meta":{"footnotes":""},"categories":[593,604,609],"tags":[770],"class_list":["post-28346","post","type-post","status-publish","format-standard","hentry","category-corporate-designbrand","category-web-en","category-work","tag-udo-rabensteiner-en"],"_links":{"self":[{"href":"https:\/\/www.saegenvier.at\/en\/wp-json\/wp\/v2\/posts\/28346","targetHints":{"allow":["GET"]}}],"collection":[{"href":"https:\/\/www.saegenvier.at\/en\/wp-json\/wp\/v2\/posts"}],"about":[{"href":"https:\/\/www.saegenvier.at\/en\/wp-json\/wp\/v2\/types\/post"}],"author":[{"embeddable":true,"href":"https:\/\/www.saegenvier.at\/en\/wp-json\/wp\/v2\/users\/1"}],"replies":[{"embeddable":true,"href":"https:\/\/www.saegenvier.at\/en\/wp-json\/wp\/v2\/comments?post=28346"}],"version-history":[{"count":0,"href":"https:\/\/www.saegenvier.at\/en\/wp-json\/wp\/v2\/posts\/28346\/revisions"}],"wp:attachment":[{"href":"https:\/\/www.saegenvier.at\/en\/wp-json\/wp\/v2\/media?parent=28346"}],"wp:term":[{"taxonomy":"category","embeddable":true,"href":"https:\/\/www.saegenvier.at\/en\/wp-json\/wp\/v2\/categories?post=28346"},{"taxonomy":"post_tag","embeddable":true,"href":"https:\/\/www.saegenvier.at\/en\/wp-json\/wp\/v2\/tags?post=28346"}],"curies":[{"name":"wp","href":"https:\/\/api.w.org\/{rel}","templated":true}]}}