{"id":28359,"date":"2010-12-19T14:34:16","date_gmt":"2010-12-19T13:34:16","guid":{"rendered":"https:\/\/www.saegenvier.at\/kalender-2011"},"modified":"2010-12-19T14:34:16","modified_gmt":"2010-12-19T13:34:16","slug":"kalender-2011","status":"publish","type":"post","link":"https:\/\/www.saegenvier.at\/en\/kalender-2011","title":{"rendered":"Wandkalender 2011"},"content":{"rendered":"<p>Die Kooperation unseres Neukunden kuechenreich.at mit einem unserer \u00e4ltesten Kunden, der Druckerei Wenin, hat zu diesem sch\u00f6nen Kalender gef\u00fchrt. Gestaltung Cornelia Wolf, Illustrationen Irene Gonzales Ghana, Text Hermann Br\u00e4ndle. Rezepte f\u00fcrs ganze Jahr. Wer hat noch nicht, wer will noch mal &#8230;<\/p>\n","protected":false},"excerpt":{"rendered":"<p>Die Kooperation unseres Neukunden kuechenreich.at mit einem unserer \u00e4ltesten Kunden, der Druckerei Wenin, hat zu diesem sch\u00f6nen Kalender gef\u00fchrt. Gestaltung Cornelia Wolf, Illustrationen Irene Gonzales Ghana, Text Hermann Br\u00e4ndle. Rezepte f\u00fcrs ganze Jahr. Wer hat noch nicht, wer will noch mal &#8230;<\/p>\n","protected":false},"author":1,"featured_media":0,"comment_status":"open","ping_status":"open","sticky":false,"template":"","format":"standard","meta":{"footnotes":""},"categories":[594,598,607,609],"tags":[666,633,762],"class_list":["post-28359","post","type-post","status-publish","format-standard","hentry","category-designkommunikation-en","category-illustration-en","category-publication","category-work","tag-druckerei-wenin-en","tag-kuchenreich-en","tag-kulinarik-en"],"_links":{"self":[{"href":"https:\/\/www.saegenvier.at\/en\/wp-json\/wp\/v2\/posts\/28359","targetHints":{"allow":["GET"]}}],"collection":[{"href":"https:\/\/www.saegenvier.at\/en\/wp-json\/wp\/v2\/posts"}],"about":[{"href":"https:\/\/www.saegenvier.at\/en\/wp-json\/wp\/v2\/types\/post"}],"author":[{"embeddable":true,"href":"https:\/\/www.saegenvier.at\/en\/wp-json\/wp\/v2\/users\/1"}],"replies":[{"embeddable":true,"href":"https:\/\/www.saegenvier.at\/en\/wp-json\/wp\/v2\/comments?post=28359"}],"version-history":[{"count":0,"href":"https:\/\/www.saegenvier.at\/en\/wp-json\/wp\/v2\/posts\/28359\/revisions"}],"wp:attachment":[{"href":"https:\/\/www.saegenvier.at\/en\/wp-json\/wp\/v2\/media?parent=28359"}],"wp:term":[{"taxonomy":"category","embeddable":true,"href":"https:\/\/www.saegenvier.at\/en\/wp-json\/wp\/v2\/categories?post=28359"},{"taxonomy":"post_tag","embeddable":true,"href":"https:\/\/www.saegenvier.at\/en\/wp-json\/wp\/v2\/tags?post=28359"}],"curies":[{"name":"wp","href":"https:\/\/api.w.org\/{rel}","templated":true}]}}