{"id":28365,"date":"2010-12-17T17:50:26","date_gmt":"2010-12-17T16:50:26","guid":{"rendered":"https:\/\/www.saegenvier.at\/pro-mente-v-corporate-design"},"modified":"2010-12-17T17:50:26","modified_gmt":"2010-12-17T16:50:26","slug":"pro-mente-v-corporate-design","status":"publish","type":"post","link":"https:\/\/www.saegenvier.at\/en\/pro-mente-v-corporate-design","title":{"rendered":"Pro Mente V Corporate Design"},"content":{"rendered":"<p>Aus den Psycho Sozialen Gesundheitsdiensten wurde Pro Mente V. Diese Institution d\u00fcrfen wir schon seit vielen Jahren betreuen und jetzt in die neue Marke f\u00fchren. Cornelia Wolf k\u00fcmmert sich um die Einhaltung unserer Vorgaben. Sch\u00f6n, wenn man was durchgehend und von Grund auf mitgestalten kann.<\/p>\n","protected":false},"excerpt":{"rendered":"<p>Aus den Psycho Sozialen Gesundheitsdiensten wurde Pro Mente V. Diese Institution d\u00fcrfen wir schon seit vielen Jahren betreuen und jetzt in die neue Marke f\u00fchren. Cornelia Wolf k\u00fcmmert sich um die Einhaltung unserer Vorgaben. Sch\u00f6n, wenn man was durchgehend und von Grund auf mitgestalten kann.<\/p>\n","protected":false},"author":1,"featured_media":0,"comment_status":"open","ping_status":"open","sticky":false,"template":"","format":"standard","meta":{"footnotes":""},"categories":[593,609],"tags":[701],"class_list":["post-28365","post","type-post","status-publish","format-standard","hentry","category-corporate-designbrand","category-work","tag-promente-en"],"_links":{"self":[{"href":"https:\/\/www.saegenvier.at\/en\/wp-json\/wp\/v2\/posts\/28365","targetHints":{"allow":["GET"]}}],"collection":[{"href":"https:\/\/www.saegenvier.at\/en\/wp-json\/wp\/v2\/posts"}],"about":[{"href":"https:\/\/www.saegenvier.at\/en\/wp-json\/wp\/v2\/types\/post"}],"author":[{"embeddable":true,"href":"https:\/\/www.saegenvier.at\/en\/wp-json\/wp\/v2\/users\/1"}],"replies":[{"embeddable":true,"href":"https:\/\/www.saegenvier.at\/en\/wp-json\/wp\/v2\/comments?post=28365"}],"version-history":[{"count":0,"href":"https:\/\/www.saegenvier.at\/en\/wp-json\/wp\/v2\/posts\/28365\/revisions"}],"wp:attachment":[{"href":"https:\/\/www.saegenvier.at\/en\/wp-json\/wp\/v2\/media?parent=28365"}],"wp:term":[{"taxonomy":"category","embeddable":true,"href":"https:\/\/www.saegenvier.at\/en\/wp-json\/wp\/v2\/categories?post=28365"},{"taxonomy":"post_tag","embeddable":true,"href":"https:\/\/www.saegenvier.at\/en\/wp-json\/wp\/v2\/tags?post=28365"}],"curies":[{"name":"wp","href":"https:\/\/api.w.org\/{rel}","templated":true}]}}