{"id":28380,"date":"2010-12-01T17:52:16","date_gmt":"2010-12-01T16:52:16","guid":{"rendered":"https:\/\/www.saegenvier.at\/pro-mente-v-werkstatten"},"modified":"2010-12-01T17:52:16","modified_gmt":"2010-12-01T16:52:16","slug":"pro-mente-v-werkstatten","status":"publish","type":"post","link":"https:\/\/www.saegenvier.at\/en\/pro-mente-v-werkstatten","title":{"rendered":"Pro Mente V Werkst\u00e4tten"},"content":{"rendered":"<p>Richtig sch\u00f6ne Produkte werden in den Pro Mente V Werkst\u00e4tten gestaltet und hergestellt. Die neuen Projektbl\u00e4tter und die Mappe dazu entsprechen dieser Qualit\u00e4t.<\/p>\n","protected":false},"excerpt":{"rendered":"<p>Richtig sch\u00f6ne Produkte werden in den Pro Mente V Werkst\u00e4tten gestaltet und hergestellt. Die neuen Projektbl\u00e4tter und die Mappe dazu entsprechen dieser Qualit\u00e4t.<\/p>\n","protected":false},"author":1,"featured_media":0,"comment_status":"open","ping_status":"open","sticky":false,"template":"","format":"standard","meta":{"footnotes":""},"categories":[594,609],"tags":[701],"class_list":["post-28380","post","type-post","status-publish","format-standard","hentry","category-designkommunikation-en","category-work","tag-promente-en"],"_links":{"self":[{"href":"https:\/\/www.saegenvier.at\/en\/wp-json\/wp\/v2\/posts\/28380","targetHints":{"allow":["GET"]}}],"collection":[{"href":"https:\/\/www.saegenvier.at\/en\/wp-json\/wp\/v2\/posts"}],"about":[{"href":"https:\/\/www.saegenvier.at\/en\/wp-json\/wp\/v2\/types\/post"}],"author":[{"embeddable":true,"href":"https:\/\/www.saegenvier.at\/en\/wp-json\/wp\/v2\/users\/1"}],"replies":[{"embeddable":true,"href":"https:\/\/www.saegenvier.at\/en\/wp-json\/wp\/v2\/comments?post=28380"}],"version-history":[{"count":0,"href":"https:\/\/www.saegenvier.at\/en\/wp-json\/wp\/v2\/posts\/28380\/revisions"}],"wp:attachment":[{"href":"https:\/\/www.saegenvier.at\/en\/wp-json\/wp\/v2\/media?parent=28380"}],"wp:term":[{"taxonomy":"category","embeddable":true,"href":"https:\/\/www.saegenvier.at\/en\/wp-json\/wp\/v2\/categories?post=28380"},{"taxonomy":"post_tag","embeddable":true,"href":"https:\/\/www.saegenvier.at\/en\/wp-json\/wp\/v2\/tags?post=28380"}],"curies":[{"name":"wp","href":"https:\/\/api.w.org\/{rel}","templated":true}]}}