{"id":28438,"date":"2010-03-24T16:59:29","date_gmt":"2010-03-24T15:59:29","guid":{"rendered":"https:\/\/www.saegenvier.at\/fahrradalltag-2010"},"modified":"2010-03-24T16:59:29","modified_gmt":"2010-03-24T15:59:29","slug":"fahrradalltag-2010","status":"publish","type":"post","link":"https:\/\/www.saegenvier.at\/en\/fahrradalltag-2010","title":{"rendered":"Fahrradalltag 2010"},"content":{"rendered":"<p>Bereits zum dritten Mal haben wir die Ausschreibung zum Fahrradwettbewerb landesweit beworben. Immer mehr BikerInnen melden sich und radeln um die Wette. Diesesmal hat wieder Roswitha ihr Foto zur Verf\u00fcgung gestellt. Bzw. war das Modell daf\u00fcr. Ewald, ihr Freund hat das Bild fotografiert. Vielen Dank. Treten Sie n\u00e4her&#8230;<\/p>\n","protected":false},"excerpt":{"rendered":"<p>Bereits zum dritten Mal haben wir die Ausschreibung zum Fahrradwettbewerb landesweit beworben. Immer mehr BikerInnen melden sich und radeln um die Wette. Diesesmal hat wieder Roswitha ihr Foto zur Verf\u00fcgung gestellt. Bzw. war das Modell daf\u00fcr. Ewald, ihr Freund hat das Bild fotografiert. Vielen Dank. Treten Sie n\u00e4her&#8230;<\/p>\n","protected":false},"author":1,"featured_media":0,"comment_status":"open","ping_status":"open","sticky":false,"template":"","format":"standard","meta":{"footnotes":""},"categories":[599,594,609],"tags":[794],"class_list":["post-28438","post","type-post","status-publish","format-standard","hentry","category-campaigns","category-designkommunikation-en","category-work","tag-energieinstitut-vorarlberg-en"],"_links":{"self":[{"href":"https:\/\/www.saegenvier.at\/en\/wp-json\/wp\/v2\/posts\/28438","targetHints":{"allow":["GET"]}}],"collection":[{"href":"https:\/\/www.saegenvier.at\/en\/wp-json\/wp\/v2\/posts"}],"about":[{"href":"https:\/\/www.saegenvier.at\/en\/wp-json\/wp\/v2\/types\/post"}],"author":[{"embeddable":true,"href":"https:\/\/www.saegenvier.at\/en\/wp-json\/wp\/v2\/users\/1"}],"replies":[{"embeddable":true,"href":"https:\/\/www.saegenvier.at\/en\/wp-json\/wp\/v2\/comments?post=28438"}],"version-history":[{"count":0,"href":"https:\/\/www.saegenvier.at\/en\/wp-json\/wp\/v2\/posts\/28438\/revisions"}],"wp:attachment":[{"href":"https:\/\/www.saegenvier.at\/en\/wp-json\/wp\/v2\/media?parent=28438"}],"wp:term":[{"taxonomy":"category","embeddable":true,"href":"https:\/\/www.saegenvier.at\/en\/wp-json\/wp\/v2\/categories?post=28438"},{"taxonomy":"post_tag","embeddable":true,"href":"https:\/\/www.saegenvier.at\/en\/wp-json\/wp\/v2\/tags?post=28438"}],"curies":[{"name":"wp","href":"https:\/\/api.w.org\/{rel}","templated":true}]}}