{"id":28458,"date":"2010-01-04T15:05:41","date_gmt":"2010-01-04T14:05:41","guid":{"rendered":"https:\/\/www.saegenvier.at\/sportkonzept-vorarlberg-2009-2015"},"modified":"2010-01-04T15:05:41","modified_gmt":"2010-01-04T14:05:41","slug":"sportkonzept-vorarlberg-2009-2015","status":"publish","type":"post","link":"https:\/\/www.saegenvier.at\/en\/sportkonzept-vorarlberg-2009-2015","title":{"rendered":"Sportkonzept Vorarlberg 2009 bis 2015"},"content":{"rendered":"<p>Martin Kessler beauftragte uns im Herbst 2009, das Sportkonzept in Form einer Brosch\u00fcre mitzugestalten. Wir suchten gemeinsam nach besonderen Ideen zur Illustration des hochkar\u00e4tigen Konzeptes. Wir und nach dem Look &amp; Feel des Sportes an sich. Erfolg, Qual, Niederlage, Anforderung, Siegeswille. Unb\u00e4ndige Konsequenz. Begeisterung der Bewegung. Leistungsbewusstsein, mentale St\u00e4rke. Wer verk\u00f6rpert diese Attribute besser als unsere stolzen Olympiasieger? Die Portraits von Lukas H\u00e4mmerle strahlen wunderwunderbar. Text und Prozessbegleitung Stefan Hagen. Wir sind stolz auf diese Arbeit. Danke &#8211; dabei sein ist alles und mehr.<\/p>\n","protected":false},"excerpt":{"rendered":"<p>Martin Kessler beauftragte uns im Herbst 2009, das Sportkonzept in Form einer Brosch\u00fcre mitzugestalten. Wir suchten gemeinsam nach besonderen Ideen zur Illustration des hochkar\u00e4tigen Konzeptes. Wir und nach dem Look &amp; Feel des Sportes an sich. Erfolg, Qual, Niederlage, Anforderung, Siegeswille. Unb\u00e4ndige Konsequenz. Begeisterung der Bewegung. Leistungsbewusstsein, mentale St\u00e4rke. Wer verk\u00f6rpert diese Attribute besser als [&hellip;]<\/p>\n","protected":false},"author":1,"featured_media":0,"comment_status":"open","ping_status":"open","sticky":false,"template":"","format":"standard","meta":{"footnotes":""},"categories":[595,609],"tags":[631,768],"class_list":["post-28458","post","type-post","status-publish","format-standard","hentry","category-editorial-en","category-work","tag-fotografie-en","tag-land-vorarlberg-en"],"_links":{"self":[{"href":"https:\/\/www.saegenvier.at\/en\/wp-json\/wp\/v2\/posts\/28458","targetHints":{"allow":["GET"]}}],"collection":[{"href":"https:\/\/www.saegenvier.at\/en\/wp-json\/wp\/v2\/posts"}],"about":[{"href":"https:\/\/www.saegenvier.at\/en\/wp-json\/wp\/v2\/types\/post"}],"author":[{"embeddable":true,"href":"https:\/\/www.saegenvier.at\/en\/wp-json\/wp\/v2\/users\/1"}],"replies":[{"embeddable":true,"href":"https:\/\/www.saegenvier.at\/en\/wp-json\/wp\/v2\/comments?post=28458"}],"version-history":[{"count":0,"href":"https:\/\/www.saegenvier.at\/en\/wp-json\/wp\/v2\/posts\/28458\/revisions"}],"wp:attachment":[{"href":"https:\/\/www.saegenvier.at\/en\/wp-json\/wp\/v2\/media?parent=28458"}],"wp:term":[{"taxonomy":"category","embeddable":true,"href":"https:\/\/www.saegenvier.at\/en\/wp-json\/wp\/v2\/categories?post=28458"},{"taxonomy":"post_tag","embeddable":true,"href":"https:\/\/www.saegenvier.at\/en\/wp-json\/wp\/v2\/tags?post=28458"}],"curies":[{"name":"wp","href":"https:\/\/api.w.org\/{rel}","templated":true}]}}