{"id":28487,"date":"2009-11-17T16:04:20","date_gmt":"2009-11-17T15:04:20","guid":{"rendered":"https:\/\/www.saegenvier.at\/frida-winter-naturkosmetik"},"modified":"2009-11-17T16:04:20","modified_gmt":"2009-11-17T15:04:20","slug":"frida-winter-naturkosmetik","status":"publish","type":"post","link":"https:\/\/www.saegenvier.at\/en\/frida-winter-naturkosmetik","title":{"rendered":"Frida Winter Naturkosmetik"},"content":{"rendered":"<p>Frida Winter &#8211; feinste K\u00f6rperpflege. Geist und Seele und K\u00f6rper im Einklang. Ich habe einen Gutschein f\u00fcr eine Behandlung bekommen. Wenn ich endlich mal Zeit finde, werde ich das gerne mal probieren. Neugierig?\u00c2\u00a0<a href=\"http:\/\/www.naturkosmetik-winter.at\" target=\"_blank\"> www.naturkosmetik-winter.at<\/a><\/p>\n","protected":false},"excerpt":{"rendered":"<p>Frida Winter &#8211; feinste K\u00f6rperpflege. Geist und Seele und K\u00f6rper im Einklang. Ich habe einen Gutschein f\u00fcr eine Behandlung bekommen. Wenn ich endlich mal Zeit finde, werde ich das gerne mal probieren. Neugierig?\u00c2\u00a0 www.naturkosmetik-winter.at<\/p>\n","protected":false},"author":1,"featured_media":0,"comment_status":"open","ping_status":"open","sticky":false,"template":"","format":"standard","meta":{"footnotes":""},"categories":[604,609],"tags":[835],"class_list":["post-28487","post","type-post","status-publish","format-standard","hentry","category-web-en","category-work","tag-frida-winter-naturkosmetik-en"],"_links":{"self":[{"href":"https:\/\/www.saegenvier.at\/en\/wp-json\/wp\/v2\/posts\/28487","targetHints":{"allow":["GET"]}}],"collection":[{"href":"https:\/\/www.saegenvier.at\/en\/wp-json\/wp\/v2\/posts"}],"about":[{"href":"https:\/\/www.saegenvier.at\/en\/wp-json\/wp\/v2\/types\/post"}],"author":[{"embeddable":true,"href":"https:\/\/www.saegenvier.at\/en\/wp-json\/wp\/v2\/users\/1"}],"replies":[{"embeddable":true,"href":"https:\/\/www.saegenvier.at\/en\/wp-json\/wp\/v2\/comments?post=28487"}],"version-history":[{"count":0,"href":"https:\/\/www.saegenvier.at\/en\/wp-json\/wp\/v2\/posts\/28487\/revisions"}],"wp:attachment":[{"href":"https:\/\/www.saegenvier.at\/en\/wp-json\/wp\/v2\/media?parent=28487"}],"wp:term":[{"taxonomy":"category","embeddable":true,"href":"https:\/\/www.saegenvier.at\/en\/wp-json\/wp\/v2\/categories?post=28487"},{"taxonomy":"post_tag","embeddable":true,"href":"https:\/\/www.saegenvier.at\/en\/wp-json\/wp\/v2\/tags?post=28487"}],"curies":[{"name":"wp","href":"https:\/\/api.w.org\/{rel}","templated":true}]}}