{"id":28504,"date":"2009-09-03T15:35:45","date_gmt":"2009-09-03T14:35:45","guid":{"rendered":"https:\/\/www.saegenvier.at\/sturmschaden"},"modified":"2009-09-03T15:35:45","modified_gmt":"2009-09-03T14:35:45","slug":"sturmschaden","status":"publish","type":"post","link":"https:\/\/www.saegenvier.at\/en\/sturmschaden","title":{"rendered":"Sturmschaden"},"content":{"rendered":"<p>Der Himmel \u00fcber der Hohen Kugel wurde t\u00fcrkis bis anthrazit &#8211; gelblich. Die Wolken sausten gegen Osten. Wir glaubten schon, die Welt geht unter. Minuten sp\u00e4ter dr\u00fcckten der Regen und der Sturm eine Glasscheibe aus einem unserer Fensterrahmen. Gl\u00fccklicherweise r\u00fcckten sofort Marcel und Christian zur notd\u00fcrftigen Reparatur aus. Und gottseidank ist niemandem etwas passiert. Danke an die interne Feuerwehr.<\/p>\n","protected":false},"excerpt":{"rendered":"<p>Der Himmel \u00fcber der Hohen Kugel wurde t\u00fcrkis bis anthrazit &#8211; gelblich. Die Wolken sausten gegen Osten. Wir glaubten schon, die Welt geht unter. Minuten sp\u00e4ter dr\u00fcckten der Regen und der Sturm eine Glasscheibe aus einem unserer Fensterrahmen. Gl\u00fccklicherweise r\u00fcckten sofort Marcel und Christian zur notd\u00fcrftigen Reparatur aus. Und gottseidank ist niemandem etwas passiert. Danke [&hellip;]<\/p>\n","protected":false},"author":1,"featured_media":0,"comment_status":"open","ping_status":"open","sticky":false,"template":"","format":"standard","meta":{"footnotes":""},"categories":[608],"tags":[630,651],"class_list":["post-28504","post","type-post","status-publish","format-standard","hentry","category-around-us","tag-sagenvier-en","tag-team-en"],"_links":{"self":[{"href":"https:\/\/www.saegenvier.at\/en\/wp-json\/wp\/v2\/posts\/28504","targetHints":{"allow":["GET"]}}],"collection":[{"href":"https:\/\/www.saegenvier.at\/en\/wp-json\/wp\/v2\/posts"}],"about":[{"href":"https:\/\/www.saegenvier.at\/en\/wp-json\/wp\/v2\/types\/post"}],"author":[{"embeddable":true,"href":"https:\/\/www.saegenvier.at\/en\/wp-json\/wp\/v2\/users\/1"}],"replies":[{"embeddable":true,"href":"https:\/\/www.saegenvier.at\/en\/wp-json\/wp\/v2\/comments?post=28504"}],"version-history":[{"count":0,"href":"https:\/\/www.saegenvier.at\/en\/wp-json\/wp\/v2\/posts\/28504\/revisions"}],"wp:attachment":[{"href":"https:\/\/www.saegenvier.at\/en\/wp-json\/wp\/v2\/media?parent=28504"}],"wp:term":[{"taxonomy":"category","embeddable":true,"href":"https:\/\/www.saegenvier.at\/en\/wp-json\/wp\/v2\/categories?post=28504"},{"taxonomy":"post_tag","embeddable":true,"href":"https:\/\/www.saegenvier.at\/en\/wp-json\/wp\/v2\/tags?post=28504"}],"curies":[{"name":"wp","href":"https:\/\/api.w.org\/{rel}","templated":true}]}}