{"id":28511,"date":"2009-08-07T08:36:55","date_gmt":"2009-08-07T07:36:55","guid":{"rendered":"https:\/\/www.saegenvier.at\/voila-debut-sagenvier-ganz-neu"},"modified":"2009-08-07T08:36:55","modified_gmt":"2009-08-07T07:36:55","slug":"voila-debut-sagenvier-ganz-neu","status":"publish","type":"post","link":"https:\/\/www.saegenvier.at\/en\/voila-debut-sagenvier-ganz-neu","title":{"rendered":"S\u00e4genvier DesignKommunikation 2009"},"content":{"rendered":"<p>Unser Kernteam ist verst\u00e4rkt. Mit Ulli Valentini &#8211; Gesch\u00e4ftsf\u00fchrerin Netz f\u00fcr Kinder und selbstst\u00e4ndige Unternehmensberaterin &#8211; zust\u00e4ndig f\u00fcr Marketing und Vertrieb. Roswitha Natter &#8211; Absolventin der FHV InterMedia &#8211; f\u00fcr Grafik Design und Fotografie. Christian Feurstein, Grafik Designer &#8211; nach Berlin, K\u00f6ln und St.Gallen wieder zur\u00fcck im Land. Mit den B\u00fcropartnern Sandro Scherling und Hermann Br\u00e4ndle sowie den Partnerb\u00fcros Wohnzimmer &#8211; B\u00fcro f\u00fcr Gestaltung Feldkirch, Kaleido B\u00fcro f\u00fcr Gestaltung Sulz, Buero 16 Branding und Strategisches Design Wien und IRR Werbeagentur Dornbirn bereichert S\u00e4genvier seine Kompetenzen im Netzwerk. (vlnr: Marcel Schrattner, Sigi Ramoser, Ulli Valentini, Roswitha Natter, Christian Feurstein)<\/p>\n","protected":false},"excerpt":{"rendered":"<p>Unser Kernteam ist verst\u00e4rkt. Mit Ulli Valentini &#8211; Gesch\u00e4ftsf\u00fchrerin Netz f\u00fcr Kinder und selbstst\u00e4ndige Unternehmensberaterin &#8211; zust\u00e4ndig f\u00fcr Marketing und Vertrieb. Roswitha Natter &#8211; Absolventin der FHV InterMedia &#8211; f\u00fcr Grafik Design und Fotografie. Christian Feurstein, Grafik Designer &#8211; nach Berlin, K\u00f6ln und St.Gallen wieder zur\u00fcck im Land. Mit den B\u00fcropartnern Sandro Scherling und Hermann [&hellip;]<\/p>\n","protected":false},"author":1,"featured_media":0,"comment_status":"open","ping_status":"open","sticky":false,"template":"","format":"standard","meta":{"footnotes":""},"categories":[608],"tags":[630,651],"class_list":["post-28511","post","type-post","status-publish","format-standard","hentry","category-around-us","tag-sagenvier-en","tag-team-en"],"_links":{"self":[{"href":"https:\/\/www.saegenvier.at\/en\/wp-json\/wp\/v2\/posts\/28511","targetHints":{"allow":["GET"]}}],"collection":[{"href":"https:\/\/www.saegenvier.at\/en\/wp-json\/wp\/v2\/posts"}],"about":[{"href":"https:\/\/www.saegenvier.at\/en\/wp-json\/wp\/v2\/types\/post"}],"author":[{"embeddable":true,"href":"https:\/\/www.saegenvier.at\/en\/wp-json\/wp\/v2\/users\/1"}],"replies":[{"embeddable":true,"href":"https:\/\/www.saegenvier.at\/en\/wp-json\/wp\/v2\/comments?post=28511"}],"version-history":[{"count":0,"href":"https:\/\/www.saegenvier.at\/en\/wp-json\/wp\/v2\/posts\/28511\/revisions"}],"wp:attachment":[{"href":"https:\/\/www.saegenvier.at\/en\/wp-json\/wp\/v2\/media?parent=28511"}],"wp:term":[{"taxonomy":"category","embeddable":true,"href":"https:\/\/www.saegenvier.at\/en\/wp-json\/wp\/v2\/categories?post=28511"},{"taxonomy":"post_tag","embeddable":true,"href":"https:\/\/www.saegenvier.at\/en\/wp-json\/wp\/v2\/tags?post=28511"}],"curies":[{"name":"wp","href":"https:\/\/api.w.org\/{rel}","templated":true}]}}