{"id":28516,"date":"2009-06-30T17:48:20","date_gmt":"2009-06-30T16:48:20","guid":{"rendered":"https:\/\/www.saegenvier.at\/mariella-scherling-elia-werkschau"},"modified":"2009-06-30T17:48:20","modified_gmt":"2009-06-30T16:48:20","slug":"mariella-scherling-elia-werkschau","status":"publish","type":"post","link":"https:\/\/www.saegenvier.at\/en\/mariella-scherling-elia-werkschau","title":{"rendered":"Mariella Scherling Elia Werkschau"},"content":{"rendered":"<p>Die Hin- und Herkunft war und ist f\u00fcr Mariella immer schon ein Thema. Mit dieser wunderbaren und sehr pers\u00f6nlichen Werkschau haben Simonetta und Sandro ihrer Mutter ein hochqualitatives und emotionales Buch geschaffen. Erh\u00e4ltlich bei Sandro Scherling.<\/p>\n","protected":false},"excerpt":{"rendered":"<p>Die Hin- und Herkunft war und ist f\u00fcr Mariella immer schon ein Thema. Mit dieser wunderbaren und sehr pers\u00f6nlichen Werkschau haben Simonetta und Sandro ihrer Mutter ein hochqualitatives und emotionales Buch geschaffen. Erh\u00e4ltlich bei Sandro Scherling.<\/p>\n","protected":false},"author":1,"featured_media":0,"comment_status":"open","ping_status":"open","sticky":false,"template":"","format":"standard","meta":{"footnotes":""},"categories":[608],"tags":[],"class_list":["post-28516","post","type-post","status-publish","format-standard","hentry","category-around-us"],"_links":{"self":[{"href":"https:\/\/www.saegenvier.at\/en\/wp-json\/wp\/v2\/posts\/28516","targetHints":{"allow":["GET"]}}],"collection":[{"href":"https:\/\/www.saegenvier.at\/en\/wp-json\/wp\/v2\/posts"}],"about":[{"href":"https:\/\/www.saegenvier.at\/en\/wp-json\/wp\/v2\/types\/post"}],"author":[{"embeddable":true,"href":"https:\/\/www.saegenvier.at\/en\/wp-json\/wp\/v2\/users\/1"}],"replies":[{"embeddable":true,"href":"https:\/\/www.saegenvier.at\/en\/wp-json\/wp\/v2\/comments?post=28516"}],"version-history":[{"count":0,"href":"https:\/\/www.saegenvier.at\/en\/wp-json\/wp\/v2\/posts\/28516\/revisions"}],"wp:attachment":[{"href":"https:\/\/www.saegenvier.at\/en\/wp-json\/wp\/v2\/media?parent=28516"}],"wp:term":[{"taxonomy":"category","embeddable":true,"href":"https:\/\/www.saegenvier.at\/en\/wp-json\/wp\/v2\/categories?post=28516"},{"taxonomy":"post_tag","embeddable":true,"href":"https:\/\/www.saegenvier.at\/en\/wp-json\/wp\/v2\/tags?post=28516"}],"curies":[{"name":"wp","href":"https:\/\/api.w.org\/{rel}","templated":true}]}}