{"id":28536,"date":"2009-04-03T14:57:49","date_gmt":"2009-04-03T13:57:49","guid":{"rendered":"https:\/\/www.saegenvier.at\/lesefestwochen-2009"},"modified":"2009-04-03T14:57:49","modified_gmt":"2009-04-03T13:57:49","slug":"lesefestwochen-2009","status":"publish","type":"post","link":"https:\/\/www.saegenvier.at\/en\/lesefestwochen-2009","title":{"rendered":"Lesefestwochen 2009"},"content":{"rendered":"<p>Mit &#8220;Zum Lesen verlocken&#8221; hat 1988 alles angefangen (sind wir schon alt&#8230;). So lange betreuen wir die jetzigen Lesefestwochen schon. Jedes bzw. jedes zweite Jahr d\u00fcrfen wir die Veranstaltung &#8220;designen&#8221;. Heuer hat Christian die T\u00fcpischen Weiber und \u00c4chten Kerle visualisiert. Ein feiner Einstieg.<\/p>\n","protected":false},"excerpt":{"rendered":"<p>Mit &#8220;Zum Lesen verlocken&#8221; hat 1988 alles angefangen (sind wir schon alt&#8230;). So lange betreuen wir die jetzigen Lesefestwochen schon. Jedes bzw. jedes zweite Jahr d\u00fcrfen wir die Veranstaltung &#8220;designen&#8221;. Heuer hat Christian die T\u00fcpischen Weiber und \u00c4chten Kerle visualisiert. Ein feiner Einstieg.<\/p>\n","protected":false},"author":1,"featured_media":0,"comment_status":"open","ping_status":"open","sticky":false,"template":"","format":"standard","meta":{"footnotes":""},"categories":[599,594,606,598,600,609],"tags":[779,628,710],"class_list":["post-28536","post","type-post","status-publish","format-standard","hentry","category-campaigns","category-designkommunikation-en","category-education","category-illustration-en","category-posters","category-work","tag-lesefestwochen-en","tag-plakat-en","tag-veranstaltung-en"],"_links":{"self":[{"href":"https:\/\/www.saegenvier.at\/en\/wp-json\/wp\/v2\/posts\/28536","targetHints":{"allow":["GET"]}}],"collection":[{"href":"https:\/\/www.saegenvier.at\/en\/wp-json\/wp\/v2\/posts"}],"about":[{"href":"https:\/\/www.saegenvier.at\/en\/wp-json\/wp\/v2\/types\/post"}],"author":[{"embeddable":true,"href":"https:\/\/www.saegenvier.at\/en\/wp-json\/wp\/v2\/users\/1"}],"replies":[{"embeddable":true,"href":"https:\/\/www.saegenvier.at\/en\/wp-json\/wp\/v2\/comments?post=28536"}],"version-history":[{"count":0,"href":"https:\/\/www.saegenvier.at\/en\/wp-json\/wp\/v2\/posts\/28536\/revisions"}],"wp:attachment":[{"href":"https:\/\/www.saegenvier.at\/en\/wp-json\/wp\/v2\/media?parent=28536"}],"wp:term":[{"taxonomy":"category","embeddable":true,"href":"https:\/\/www.saegenvier.at\/en\/wp-json\/wp\/v2\/categories?post=28536"},{"taxonomy":"post_tag","embeddable":true,"href":"https:\/\/www.saegenvier.at\/en\/wp-json\/wp\/v2\/tags?post=28536"}],"curies":[{"name":"wp","href":"https:\/\/api.w.org\/{rel}","templated":true}]}}