{"id":28539,"date":"2009-02-24T00:05:10","date_gmt":"2009-02-23T23:05:10","guid":{"rendered":"https:\/\/www.saegenvier.at\/messe-innsbruck"},"modified":"2009-02-24T00:05:10","modified_gmt":"2009-02-23T23:05:10","slug":"messe-innsbruck","status":"publish","type":"post","link":"https:\/\/www.saegenvier.at\/en\/messe-innsbruck","title":{"rendered":"Messe Innsbruck"},"content":{"rendered":"<p>In Zusammenarbeit mit Cukrowicz Nachbaur Architekten haben wir f\u00fcr die Messe Innsbruck ein neues Signaletiksystem entworfen. Leider hat unsere regionale Reputation in dieser Disziplin nicht ausgereicht. Das B\u00fcro \u00dcbele Stuttgart hat den Zuschlag erhalten und leitet jetzt durch die Messeareale. Sicherlich wird auch dies ein wunderbares und \u00fcberzeugendes Projekt. Trotzdem h\u00e4tten wir unsere Entw\u00fcrfe gerne umgesetzt.<\/p>\n<div><object style=\"width:525px;height:350px\" ><param name=\"movie\" value=\"http:\/\/static.issuu.com\/webembed\/viewers\/style1\/v1\/IssuuViewer.swf?mode=embed&amp;viewMode=presentation&amp;layout=http%3A%2F%2Fskin.issuu.com%2Fv%2Flight%2Flayout.xml&amp;showFlipBtn=true&amp;documentId=100914124603-ac12563aaab84a5ea1377d920d65a905&amp;docName=messe_innsbruck&amp;username=saegenvier&amp;loadingInfoText=messe_innsbruck&amp;et=1298641562085&amp;er=56\" \/><param name=\"allowfullscreen\" value=\"true\"\/><param name=\"menu\" value=\"false\"\/><embed src=\"http:\/\/static.issuu.com\/webembed\/viewers\/style1\/v1\/IssuuViewer.swf\" type=\"application\/x-shockwave-flash\" allowfullscreen=\"true\" menu=\"false\" style=\"width:525px;height:350px\" flashvars=\"mode=embed&amp;viewMode=presentation&amp;layout=http%3A%2F%2Fskin.issuu.com%2Fv%2Flight%2Flayout.xml&amp;showFlipBtn=true&amp;documentId=100914124603-ac12563aaab84a5ea1377d920d65a905&amp;docName=messe_innsbruck&amp;username=saegenvier&amp;loadingInfoText=messe_innsbruck&amp;et=1298641562085&amp;er=56\" \/><\/object><\/p>\n<div style=\"width:525px;text-align:left;\"><\/div>\n<\/div>\n","protected":false},"excerpt":{"rendered":"<p>In Zusammenarbeit mit Cukrowicz Nachbaur Architekten haben wir f\u00fcr die Messe Innsbruck ein neues Signaletiksystem entworfen. Leider hat unsere regionale Reputation in dieser Disziplin nicht ausgereicht. Das B\u00fcro \u00dcbele Stuttgart hat den Zuschlag erhalten und leitet jetzt durch die Messeareale. Sicherlich wird auch dies ein wunderbares und \u00fcberzeugendes Projekt. Trotzdem h\u00e4tten wir unsere Entw\u00fcrfe gerne [&hellip;]<\/p>\n","protected":false},"author":2,"featured_media":0,"comment_status":"open","ping_status":"open","sticky":false,"template":"","format":"standard","meta":{"footnotes":""},"categories":[596,601,609],"tags":[855,765],"class_list":["post-28539","post","type-post","status-publish","format-standard","hentry","category-drafts-competitions","category-signage-scenography","category-work","tag-messe-innsbruck-en","tag-wettbewerb-en"],"_links":{"self":[{"href":"https:\/\/www.saegenvier.at\/en\/wp-json\/wp\/v2\/posts\/28539","targetHints":{"allow":["GET"]}}],"collection":[{"href":"https:\/\/www.saegenvier.at\/en\/wp-json\/wp\/v2\/posts"}],"about":[{"href":"https:\/\/www.saegenvier.at\/en\/wp-json\/wp\/v2\/types\/post"}],"author":[{"embeddable":true,"href":"https:\/\/www.saegenvier.at\/en\/wp-json\/wp\/v2\/users\/2"}],"replies":[{"embeddable":true,"href":"https:\/\/www.saegenvier.at\/en\/wp-json\/wp\/v2\/comments?post=28539"}],"version-history":[{"count":0,"href":"https:\/\/www.saegenvier.at\/en\/wp-json\/wp\/v2\/posts\/28539\/revisions"}],"wp:attachment":[{"href":"https:\/\/www.saegenvier.at\/en\/wp-json\/wp\/v2\/media?parent=28539"}],"wp:term":[{"taxonomy":"category","embeddable":true,"href":"https:\/\/www.saegenvier.at\/en\/wp-json\/wp\/v2\/categories?post=28539"},{"taxonomy":"post_tag","embeddable":true,"href":"https:\/\/www.saegenvier.at\/en\/wp-json\/wp\/v2\/tags?post=28539"}],"curies":[{"name":"wp","href":"https:\/\/api.w.org\/{rel}","templated":true}]}}