{"id":28564,"date":"2008-06-10T15:17:39","date_gmt":"2008-06-10T14:17:39","guid":{"rendered":"https:\/\/www.saegenvier.at\/plakate-anders-unterwegs"},"modified":"2008-06-10T15:17:39","modified_gmt":"2008-06-10T14:17:39","slug":"plakate-anders-unterwegs","status":"publish","type":"post","link":"https:\/\/www.saegenvier.at\/en\/plakate-anders-unterwegs","title":{"rendered":"Plakate Anders Unterwegs"},"content":{"rendered":"<p>Angefangen habe ich mit Kritzelzeichnungen &#8211; mit Busk\u00e4sten mit R\u00e4dern. Quasi Karrikaturen der Mobilit\u00e4ts-Stars. War eine lustige Zeit. Damals noch mit Filmmontagen und Farbauflegern. Sp\u00e4ter ist Klaus \u00d6sterle in das Projekt eingestiegen und wir stellten auf lebendige Piktogramm-Figuren und -Geschichten um. 15 Jahre lang beneidenswerte Grafik. Stadtbus Feldkirch und Landbus Oberes Rheintal ist wieder zu uns zur\u00fcckgekehrt. Wir sind stolz auf die Entwicklungen&#8230; Anders unterwegs halt. In jeder Beziehung. Fotografie der Plakate Valentina Ramoser.<\/p>\n<p><iframe loading=\"lazy\" src=\"https:\/\/player.vimeo.com\/video\/338627561\" width=\"640\" height=\"425\" frameborder=\"0\" allowfullscreen=\"allowfullscreen\"><\/iframe><\/p>\n<p><a href=\"https:\/\/vimeo.com\/338627561\">PLAKATE ANDERS UNTERWEGS<\/a> from <a href=\"https:\/\/vimeo.com\/saegen4\">S\u00e4genvier<\/a> on <a href=\"https:\/\/vimeo.com\">Vimeo<\/a>.<\/p>\n","protected":false},"excerpt":{"rendered":"<p>Angefangen habe ich mit Kritzelzeichnungen &#8211; mit Busk\u00e4sten mit R\u00e4dern. Quasi Karrikaturen der Mobilit\u00e4ts-Stars. War eine lustige Zeit. Damals noch mit Filmmontagen und Farbauflegern. Sp\u00e4ter ist Klaus \u00d6sterle in das Projekt eingestiegen und wir stellten auf lebendige Piktogramm-Figuren und -Geschichten um. 15 Jahre lang beneidenswerte Grafik. Stadtbus Feldkirch und Landbus Oberes Rheintal ist wieder zu [&hellip;]<\/p>\n","protected":false},"author":1,"featured_media":0,"comment_status":"open","ping_status":"open","sticky":false,"template":"","format":"standard","meta":{"footnotes":""},"categories":[605,599,594,598,600,607,609],"tags":[642,628,643,751],"class_list":["post-28564","post","type-post","status-publish","format-standard","hentry","category-awards","category-campaigns","category-designkommunikation-en","category-illustration-en","category-posters","category-publication","category-work","tag-landbus-oberes-rheintal-en","tag-plakat-en","tag-stadtbus-feldkirch-en","tag-verkehrsverbund-vorarlberg-en"],"_links":{"self":[{"href":"https:\/\/www.saegenvier.at\/en\/wp-json\/wp\/v2\/posts\/28564","targetHints":{"allow":["GET"]}}],"collection":[{"href":"https:\/\/www.saegenvier.at\/en\/wp-json\/wp\/v2\/posts"}],"about":[{"href":"https:\/\/www.saegenvier.at\/en\/wp-json\/wp\/v2\/types\/post"}],"author":[{"embeddable":true,"href":"https:\/\/www.saegenvier.at\/en\/wp-json\/wp\/v2\/users\/1"}],"replies":[{"embeddable":true,"href":"https:\/\/www.saegenvier.at\/en\/wp-json\/wp\/v2\/comments?post=28564"}],"version-history":[{"count":0,"href":"https:\/\/www.saegenvier.at\/en\/wp-json\/wp\/v2\/posts\/28564\/revisions"}],"wp:attachment":[{"href":"https:\/\/www.saegenvier.at\/en\/wp-json\/wp\/v2\/media?parent=28564"}],"wp:term":[{"taxonomy":"category","embeddable":true,"href":"https:\/\/www.saegenvier.at\/en\/wp-json\/wp\/v2\/categories?post=28564"},{"taxonomy":"post_tag","embeddable":true,"href":"https:\/\/www.saegenvier.at\/en\/wp-json\/wp\/v2\/tags?post=28564"}],"curies":[{"name":"wp","href":"https:\/\/api.w.org\/{rel}","templated":true}]}}