{"id":28575,"date":"2008-01-23T22:13:02","date_gmt":"2008-01-23T21:13:02","guid":{"rendered":"https:\/\/www.saegenvier.at\/junge-kirche-prasentation"},"modified":"2008-01-23T22:13:02","modified_gmt":"2008-01-23T21:13:02","slug":"junge-kirche-prasentation","status":"publish","type":"post","link":"https:\/\/www.saegenvier.at\/en\/junge-kirche-prasentation","title":{"rendered":"Junge Kirche Pr\u00e4sentation"},"content":{"rendered":"<p>Hier ein paar Studien der Corporate Design Aufgabe f\u00fcr die ehemals Katholische Jungschar. Jetzt Junge Kirche genannt. Frisch, leicht, fr\u00f6hlich. Wie`s geh\u00f6rt, oder?<\/p>\n","protected":false},"excerpt":{"rendered":"<p>Hier ein paar Studien der Corporate Design Aufgabe f\u00fcr die ehemals Katholische Jungschar. Jetzt Junge Kirche genannt. Frisch, leicht, fr\u00f6hlich. Wie`s geh\u00f6rt, oder?<\/p>\n","protected":false},"author":1,"featured_media":0,"comment_status":"open","ping_status":"open","sticky":false,"template":"","format":"standard","meta":{"footnotes":""},"categories":[593,609],"tags":[781,705],"class_list":["post-28575","post","type-post","status-publish","format-standard","hentry","category-corporate-designbrand","category-work","tag-junge-kirche-en","tag-katholische-kirche-vorarlberg-en"],"_links":{"self":[{"href":"https:\/\/www.saegenvier.at\/en\/wp-json\/wp\/v2\/posts\/28575","targetHints":{"allow":["GET"]}}],"collection":[{"href":"https:\/\/www.saegenvier.at\/en\/wp-json\/wp\/v2\/posts"}],"about":[{"href":"https:\/\/www.saegenvier.at\/en\/wp-json\/wp\/v2\/types\/post"}],"author":[{"embeddable":true,"href":"https:\/\/www.saegenvier.at\/en\/wp-json\/wp\/v2\/users\/1"}],"replies":[{"embeddable":true,"href":"https:\/\/www.saegenvier.at\/en\/wp-json\/wp\/v2\/comments?post=28575"}],"version-history":[{"count":0,"href":"https:\/\/www.saegenvier.at\/en\/wp-json\/wp\/v2\/posts\/28575\/revisions"}],"wp:attachment":[{"href":"https:\/\/www.saegenvier.at\/en\/wp-json\/wp\/v2\/media?parent=28575"}],"wp:term":[{"taxonomy":"category","embeddable":true,"href":"https:\/\/www.saegenvier.at\/en\/wp-json\/wp\/v2\/categories?post=28575"},{"taxonomy":"post_tag","embeddable":true,"href":"https:\/\/www.saegenvier.at\/en\/wp-json\/wp\/v2\/tags?post=28575"}],"curies":[{"name":"wp","href":"https:\/\/api.w.org\/{rel}","templated":true}]}}