{"id":28646,"date":"2005-04-27T16:04:46","date_gmt":"2005-04-27T15:04:46","guid":{"rendered":"https:\/\/www.saegenvier.at\/rankweil"},"modified":"2005-04-27T16:04:46","modified_gmt":"2005-04-27T15:04:46","slug":"rankweil","status":"publish","type":"post","link":"https:\/\/www.saegenvier.at\/en\/rankweil","title":{"rendered":"Rankweil, Wirtegemeinschaft"},"content":{"rendered":"<p>Das Faltplakat l\u00e4dt ein &#8211; einzukehren. In Rankweil, dort wo die meisten Vereine werken. In G\u00e4rten und unter B\u00e4umen die Seele baumeln lassen. Am liebsten w\u00e4ren wir damals auch sitzen geblieben. Aber die Arbeit hat gerufen.<\/p>\n","protected":false},"excerpt":{"rendered":"<p>Das Faltplakat l\u00e4dt ein &#8211; einzukehren. In Rankweil, dort wo die meisten Vereine werken. In G\u00e4rten und unter B\u00e4umen die Seele baumeln lassen. Am liebsten w\u00e4ren wir damals auch sitzen geblieben. Aber die Arbeit hat gerufen.<\/p>\n","protected":false},"author":1,"featured_media":0,"comment_status":"open","ping_status":"open","sticky":false,"template":"","format":"standard","meta":{"footnotes":""},"categories":[594,609],"tags":[839,697],"class_list":["post-28646","post","type-post","status-publish","format-standard","hentry","category-designkommunikation-en","category-work","tag-kommunales-en","tag-rankweil-en"],"_links":{"self":[{"href":"https:\/\/www.saegenvier.at\/en\/wp-json\/wp\/v2\/posts\/28646","targetHints":{"allow":["GET"]}}],"collection":[{"href":"https:\/\/www.saegenvier.at\/en\/wp-json\/wp\/v2\/posts"}],"about":[{"href":"https:\/\/www.saegenvier.at\/en\/wp-json\/wp\/v2\/types\/post"}],"author":[{"embeddable":true,"href":"https:\/\/www.saegenvier.at\/en\/wp-json\/wp\/v2\/users\/1"}],"replies":[{"embeddable":true,"href":"https:\/\/www.saegenvier.at\/en\/wp-json\/wp\/v2\/comments?post=28646"}],"version-history":[{"count":0,"href":"https:\/\/www.saegenvier.at\/en\/wp-json\/wp\/v2\/posts\/28646\/revisions"}],"wp:attachment":[{"href":"https:\/\/www.saegenvier.at\/en\/wp-json\/wp\/v2\/media?parent=28646"}],"wp:term":[{"taxonomy":"category","embeddable":true,"href":"https:\/\/www.saegenvier.at\/en\/wp-json\/wp\/v2\/categories?post=28646"},{"taxonomy":"post_tag","embeddable":true,"href":"https:\/\/www.saegenvier.at\/en\/wp-json\/wp\/v2\/tags?post=28646"}],"curies":[{"name":"wp","href":"https:\/\/api.w.org\/{rel}","templated":true}]}}