{"id":28705,"date":"2001-08-26T13:18:58","date_gmt":"2001-08-26T12:18:58","guid":{"rendered":"https:\/\/www.saegenvier.at\/herr-faustini-und-die-mobilitat"},"modified":"2001-08-26T13:18:58","modified_gmt":"2001-08-26T12:18:58","slug":"herr-faustini-und-die-mobilitat","status":"publish","type":"post","link":"https:\/\/www.saegenvier.at\/en\/herr-faustini-und-die-mobilitat","title":{"rendered":"Herr Faustini und die Mobilit\u00e4t"},"content":{"rendered":"<p><iframe loading=\"lazy\" src=\"https:\/\/player.vimeo.com\/video\/28189554\" width=\"640\" height=\"352\" frameborder=\"0\" webkitallowfullscreen mozallowfullscreen allowfullscreen><\/iframe><\/p>\n<p><a href=\"https:\/\/vimeo.com\/28189554\">Faustini<\/a> from <a href=\"https:\/\/vimeo.com\/saegen4\">S&auml;genvier<\/a> on <a href=\"https:\/\/vimeo.com\">Vimeo<\/a>.<\/p>\n<p>Also das war dann wirklich der Oberknaller. Wir hatten die Idee, mit einem Film ein Zeitdokument zum 10 Jahre VVV Jubil\u00e4um zu schaffen, das nachhaltig in die Schulen und Betriebe wandern sollte. Kulturbeitrag \u00fcber Kulturbeitrag. G\u00e4ge Klocker f\u00fchrte Regie, Wolfgang Hermann lieferte die Story, Daniela Egger sorgte f\u00fcr das Drehbuch, Chris Laine (jetzt Ehemann von Ulli Laine Valentini) war Kameramann. Und wir hatten neben einem Riesenspass auch noch ein paar Rollen im Film. Anschauen und staunen, was im Land alles m\u00f6glich ist.<\/p>\n","protected":false},"excerpt":{"rendered":"<p>Faustini from S&auml;genvier on Vimeo. Also das war dann wirklich der Oberknaller. Wir hatten die Idee, mit einem Film ein Zeitdokument zum 10 Jahre VVV Jubil\u00e4um zu schaffen, das nachhaltig in die Schulen und Betriebe wandern sollte. Kulturbeitrag \u00fcber Kulturbeitrag. G\u00e4ge Klocker f\u00fchrte Regie, Wolfgang Hermann lieferte die Story, Daniela Egger sorgte f\u00fcr das Drehbuch, [&hellip;]<\/p>\n","protected":false},"author":1,"featured_media":0,"comment_status":"open","ping_status":"open","sticky":false,"template":"","format":"standard","meta":{"footnotes":""},"categories":[599,594,592,609],"tags":[710,751],"class_list":["post-28705","post","type-post","status-publish","format-standard","hentry","category-campaigns","category-designkommunikation-en","category-moving-images","category-work","tag-veranstaltung-en","tag-verkehrsverbund-vorarlberg-en"],"_links":{"self":[{"href":"https:\/\/www.saegenvier.at\/en\/wp-json\/wp\/v2\/posts\/28705","targetHints":{"allow":["GET"]}}],"collection":[{"href":"https:\/\/www.saegenvier.at\/en\/wp-json\/wp\/v2\/posts"}],"about":[{"href":"https:\/\/www.saegenvier.at\/en\/wp-json\/wp\/v2\/types\/post"}],"author":[{"embeddable":true,"href":"https:\/\/www.saegenvier.at\/en\/wp-json\/wp\/v2\/users\/1"}],"replies":[{"embeddable":true,"href":"https:\/\/www.saegenvier.at\/en\/wp-json\/wp\/v2\/comments?post=28705"}],"version-history":[{"count":0,"href":"https:\/\/www.saegenvier.at\/en\/wp-json\/wp\/v2\/posts\/28705\/revisions"}],"wp:attachment":[{"href":"https:\/\/www.saegenvier.at\/en\/wp-json\/wp\/v2\/media?parent=28705"}],"wp:term":[{"taxonomy":"category","embeddable":true,"href":"https:\/\/www.saegenvier.at\/en\/wp-json\/wp\/v2\/categories?post=28705"},{"taxonomy":"post_tag","embeddable":true,"href":"https:\/\/www.saegenvier.at\/en\/wp-json\/wp\/v2\/tags?post=28705"}],"curies":[{"name":"wp","href":"https:\/\/api.w.org\/{rel}","templated":true}]}}