{"id":28708,"date":"2001-06-05T09:29:17","date_gmt":"2001-06-05T08:29:17","guid":{"rendered":"https:\/\/www.saegenvier.at\/leseraum"},"modified":"2001-06-05T09:29:17","modified_gmt":"2001-06-05T08:29:17","slug":"leseraum","status":"publish","type":"post","link":"https:\/\/www.saegenvier.at\/en\/leseraum","title":{"rendered":"Leseraum"},"content":{"rendered":"<p>F\u00fcr die PsychoSoziale Gesundheitsdienste Vorarlberg GmbH &#8211; ab sofort Pro Mente Vorarlberg GmbH haben wir dieses Erscheinungsbild entworfen. Mit einer Offsetplatte &#8211; Inhalt Textur mit Texten aus Patientengespr\u00e4chen bildeten wir ein Stilelement mit dem es m\u00f6glich wurde, s\u00e4mtliche Drucksachen mit Einfarben-Aufdruck zu generieren. Einladungskarten, Folder, Lesezeichen, Bucheinb\u00e4nde, Plakate&#8230; Alles h\u00e4lt zusammen und ist doch so eigenst\u00e4ndig und lebendig. Die Druckerei haben wir einfach einen halben Tag gemietet und mit Makulatur und Papierumdreh-Experimenten konnten wir diese grafischen Muster und Untergr\u00fcnde &#8220;designen&#8221;. Analog und digital. Und eine erste kleine feine Signaletikarbeit mit den Textfragmenten als Beschattung ist damals auch entstanden.<\/p>\n","protected":false},"excerpt":{"rendered":"<p>F\u00fcr die PsychoSoziale Gesundheitsdienste Vorarlberg GmbH &#8211; ab sofort Pro Mente Vorarlberg GmbH haben wir dieses Erscheinungsbild entworfen. Mit einer Offsetplatte &#8211; Inhalt Textur mit Texten aus Patientengespr\u00e4chen bildeten wir ein Stilelement mit dem es m\u00f6glich wurde, s\u00e4mtliche Drucksachen mit Einfarben-Aufdruck zu generieren. Einladungskarten, Folder, Lesezeichen, Bucheinb\u00e4nde, Plakate&#8230; Alles h\u00e4lt zusammen und ist doch so [&hellip;]<\/p>\n","protected":false},"author":1,"featured_media":0,"comment_status":"open","ping_status":"open","sticky":false,"template":"","format":"standard","meta":{"footnotes":""},"categories":[593,595,607,601,609],"tags":[933],"class_list":["post-28708","post","type-post","status-publish","format-standard","hentry","category-corporate-designbrand","category-editorial-en","category-publication","category-signage-scenography","category-work","tag-psychosoziale-gesundheitsdienste-vorarlberg-en"],"_links":{"self":[{"href":"https:\/\/www.saegenvier.at\/en\/wp-json\/wp\/v2\/posts\/28708","targetHints":{"allow":["GET"]}}],"collection":[{"href":"https:\/\/www.saegenvier.at\/en\/wp-json\/wp\/v2\/posts"}],"about":[{"href":"https:\/\/www.saegenvier.at\/en\/wp-json\/wp\/v2\/types\/post"}],"author":[{"embeddable":true,"href":"https:\/\/www.saegenvier.at\/en\/wp-json\/wp\/v2\/users\/1"}],"replies":[{"embeddable":true,"href":"https:\/\/www.saegenvier.at\/en\/wp-json\/wp\/v2\/comments?post=28708"}],"version-history":[{"count":0,"href":"https:\/\/www.saegenvier.at\/en\/wp-json\/wp\/v2\/posts\/28708\/revisions"}],"wp:attachment":[{"href":"https:\/\/www.saegenvier.at\/en\/wp-json\/wp\/v2\/media?parent=28708"}],"wp:term":[{"taxonomy":"category","embeddable":true,"href":"https:\/\/www.saegenvier.at\/en\/wp-json\/wp\/v2\/categories?post=28708"},{"taxonomy":"post_tag","embeddable":true,"href":"https:\/\/www.saegenvier.at\/en\/wp-json\/wp\/v2\/tags?post=28708"}],"curies":[{"name":"wp","href":"https:\/\/api.w.org\/{rel}","templated":true}]}}