{"id":28723,"date":"2000-01-31T12:43:04","date_gmt":"2000-01-31T11:43:04","guid":{"rendered":"https:\/\/www.saegenvier.at\/check-it-schlosserinnung"},"modified":"2023-04-11T19:06:33","modified_gmt":"2023-04-11T17:06:33","slug":"check-it-schlosserinnung","status":"publish","type":"post","link":"https:\/\/www.saegenvier.at\/en\/check-it-schlosserinnung","title":{"rendered":"check it, Schlosserinnung"},"content":{"rendered":"<p>Herr Wohlgenannt von der Innung kam damals zu uns und fragte um die Gestaltung einer Checkliste f\u00fcr die Lehrinhalte der unterschiedlichen Schlosserberufe an. Wir bauten daraus eine tolle Kommunikationskampagne. Mit Marc Lins fotografierten wir auf gedruckten Papierfahnen und legten die Originalwerkzeuge der jeweiligen Berufssparten dazu. Eine analog-digitale Gestaltungsarbeit. Ohne Fotoshop-Virtualit\u00e4t. Es riecht ein bisschen nach Schweisserflamme und heissen Stahl. Mit Plakaten f\u00fcr die Werkst\u00e4tten und einem kleinen Postkartenfolder wurden die Lehrlinge weit mehr als nur \u00fcber die Inhalte informiert. Sie bekamen den Eindruck, eine wirklich coole Lehre zu machen. \u00dcbrigens war damals noch Klaus \u00d6sterle im S\u00e4genvier angestellt und hat die Drucksachen gestaltet.<\/p>\n","protected":false},"excerpt":{"rendered":"<p>Herr Wohlgenannt von der Innung kam damals zu uns und fragte um die Gestaltung einer Checkliste f\u00fcr die Lehrinhalte der unterschiedlichen Schlosserberufe an. Wir bauten daraus eine tolle Kommunikationskampagne. Mit Marc Lins fotografierten wir auf gedruckten Papierfahnen und legten die Originalwerkzeuge der jeweiligen Berufssparten dazu. Eine analog-digitale Gestaltungsarbeit. Ohne Fotoshop-Virtualit\u00e4t. Es riecht ein bisschen nach [&hellip;]<\/p>\n","protected":false},"author":1,"featured_media":0,"comment_status":"closed","ping_status":"closed","sticky":false,"template":"","format":"standard","meta":{"footnotes":""},"categories":[599,594,1027,600,607,609],"tags":[631,628,939],"class_list":["post-28723","post","type-post","status-publish","format-standard","hentry","category-campaigns","category-designkommunikation-en","category-employer-branding-en","category-posters","category-publication","category-work","tag-fotografie-en","tag-plakat-en","tag-schlosserinnung-vorarlberg-en"],"_links":{"self":[{"href":"https:\/\/www.saegenvier.at\/en\/wp-json\/wp\/v2\/posts\/28723","targetHints":{"allow":["GET"]}}],"collection":[{"href":"https:\/\/www.saegenvier.at\/en\/wp-json\/wp\/v2\/posts"}],"about":[{"href":"https:\/\/www.saegenvier.at\/en\/wp-json\/wp\/v2\/types\/post"}],"author":[{"embeddable":true,"href":"https:\/\/www.saegenvier.at\/en\/wp-json\/wp\/v2\/users\/1"}],"replies":[{"embeddable":true,"href":"https:\/\/www.saegenvier.at\/en\/wp-json\/wp\/v2\/comments?post=28723"}],"version-history":[{"count":0,"href":"https:\/\/www.saegenvier.at\/en\/wp-json\/wp\/v2\/posts\/28723\/revisions"}],"wp:attachment":[{"href":"https:\/\/www.saegenvier.at\/en\/wp-json\/wp\/v2\/media?parent=28723"}],"wp:term":[{"taxonomy":"category","embeddable":true,"href":"https:\/\/www.saegenvier.at\/en\/wp-json\/wp\/v2\/categories?post=28723"},{"taxonomy":"post_tag","embeddable":true,"href":"https:\/\/www.saegenvier.at\/en\/wp-json\/wp\/v2\/tags?post=28723"}],"curies":[{"name":"wp","href":"https:\/\/api.w.org\/{rel}","templated":true}]}}