{"id":28756,"date":"1997-10-30T11:30:48","date_gmt":"1997-10-30T10:30:48","guid":{"rendered":"https:\/\/www.saegenvier.at\/eugen-wird-40"},"modified":"1997-10-30T11:30:48","modified_gmt":"1997-10-30T10:30:48","slug":"eugen-wird-40","status":"publish","type":"post","link":"https:\/\/www.saegenvier.at\/en\/eugen-wird-40","title":{"rendered":"Eugen wird 40"},"content":{"rendered":"<p>Eugen Wenin, hallo, das ist ja auch schon Lichtjahre her. Ein Foto von ihm als Kind und als 40j\u00e4hriger. Dasselbe verschmitzte L\u00e4cheln. Etwas Leuchtfarbe und die Augen strahlen. Bald 60? Liebe Gr\u00fc\u00dfe Eugen.<\/p>\n","protected":false},"excerpt":{"rendered":"<p>Eugen Wenin, hallo, das ist ja auch schon Lichtjahre her. Ein Foto von ihm als Kind und als 40j\u00e4hriger. Dasselbe verschmitzte L\u00e4cheln. Etwas Leuchtfarbe und die Augen strahlen. Bald 60? Liebe Gr\u00fc\u00dfe Eugen.<\/p>\n","protected":false},"author":1,"featured_media":0,"comment_status":"open","ping_status":"open","sticky":false,"template":"","format":"standard","meta":{"footnotes":""},"categories":[608,605,607,609],"tags":[736],"class_list":["post-28756","post","type-post","status-publish","format-standard","hentry","category-around-us","category-awards","category-publication","category-work","tag-privatgrafik-en"],"_links":{"self":[{"href":"https:\/\/www.saegenvier.at\/en\/wp-json\/wp\/v2\/posts\/28756","targetHints":{"allow":["GET"]}}],"collection":[{"href":"https:\/\/www.saegenvier.at\/en\/wp-json\/wp\/v2\/posts"}],"about":[{"href":"https:\/\/www.saegenvier.at\/en\/wp-json\/wp\/v2\/types\/post"}],"author":[{"embeddable":true,"href":"https:\/\/www.saegenvier.at\/en\/wp-json\/wp\/v2\/users\/1"}],"replies":[{"embeddable":true,"href":"https:\/\/www.saegenvier.at\/en\/wp-json\/wp\/v2\/comments?post=28756"}],"version-history":[{"count":0,"href":"https:\/\/www.saegenvier.at\/en\/wp-json\/wp\/v2\/posts\/28756\/revisions"}],"wp:attachment":[{"href":"https:\/\/www.saegenvier.at\/en\/wp-json\/wp\/v2\/media?parent=28756"}],"wp:term":[{"taxonomy":"category","embeddable":true,"href":"https:\/\/www.saegenvier.at\/en\/wp-json\/wp\/v2\/categories?post=28756"},{"taxonomy":"post_tag","embeddable":true,"href":"https:\/\/www.saegenvier.at\/en\/wp-json\/wp\/v2\/tags?post=28756"}],"curies":[{"name":"wp","href":"https:\/\/api.w.org\/{rel}","templated":true}]}}