{"id":28763,"date":"1996-12-05T16:18:57","date_gmt":"1996-12-05T15:18:57","guid":{"rendered":"https:\/\/www.saegenvier.at\/entwurfsimpressionen"},"modified":"1996-12-05T16:18:57","modified_gmt":"1996-12-05T15:18:57","slug":"entwurfsimpressionen","status":"publish","type":"post","link":"https:\/\/www.saegenvier.at\/en\/entwurfsimpressionen","title":{"rendered":"Entwurfsimpressionen"},"content":{"rendered":"<p>F\u00fcr das Collegium Vocale Lustenau haben wir 20 Jahre die Plakate mit Kalligrafie gestaltet. F\u00fcr den Stern von Bethlehem habe ich im Archiv diese sch\u00f6nen weiss-schwarz-Kopier-Layouts entdeckt. <\/p>\n","protected":false},"excerpt":{"rendered":"<p>F\u00fcr das Collegium Vocale Lustenau haben wir 20 Jahre die Plakate mit Kalligrafie gestaltet. F\u00fcr den Stern von Bethlehem habe ich im Archiv diese sch\u00f6nen weiss-schwarz-Kopier-Layouts entdeckt.<\/p>\n","protected":false},"author":1,"featured_media":0,"comment_status":"open","ping_status":"open","sticky":false,"template":"","format":"standard","meta":{"footnotes":""},"categories":[600,609],"tags":[805,628],"class_list":["post-28763","post","type-post","status-publish","format-standard","hentry","category-posters","category-work","tag-collegium-vocale-lustenau-en","tag-plakat-en"],"_links":{"self":[{"href":"https:\/\/www.saegenvier.at\/en\/wp-json\/wp\/v2\/posts\/28763","targetHints":{"allow":["GET"]}}],"collection":[{"href":"https:\/\/www.saegenvier.at\/en\/wp-json\/wp\/v2\/posts"}],"about":[{"href":"https:\/\/www.saegenvier.at\/en\/wp-json\/wp\/v2\/types\/post"}],"author":[{"embeddable":true,"href":"https:\/\/www.saegenvier.at\/en\/wp-json\/wp\/v2\/users\/1"}],"replies":[{"embeddable":true,"href":"https:\/\/www.saegenvier.at\/en\/wp-json\/wp\/v2\/comments?post=28763"}],"version-history":[{"count":0,"href":"https:\/\/www.saegenvier.at\/en\/wp-json\/wp\/v2\/posts\/28763\/revisions"}],"wp:attachment":[{"href":"https:\/\/www.saegenvier.at\/en\/wp-json\/wp\/v2\/media?parent=28763"}],"wp:term":[{"taxonomy":"category","embeddable":true,"href":"https:\/\/www.saegenvier.at\/en\/wp-json\/wp\/v2\/categories?post=28763"},{"taxonomy":"post_tag","embeddable":true,"href":"https:\/\/www.saegenvier.at\/en\/wp-json\/wp\/v2\/tags?post=28763"}],"curies":[{"name":"wp","href":"https:\/\/api.w.org\/{rel}","templated":true}]}}