{"id":28768,"date":"1996-09-07T17:34:02","date_gmt":"1996-09-07T16:34:02","guid":{"rendered":"https:\/\/www.saegenvier.at\/typo-und-so-an-der-fh-vorarlberg"},"modified":"1996-09-07T17:34:02","modified_gmt":"1996-09-07T16:34:02","slug":"typo-und-so-an-der-fh-vorarlberg","status":"publish","type":"post","link":"https:\/\/www.saegenvier.at\/en\/typo-und-so-an-der-fh-vorarlberg","title":{"rendered":"Typo und so an der FH Vorarlberg"},"content":{"rendered":"<p>Unter der Leitung von Reinhard Gassner hatte ich die M\u00f6glichkeit, den Studiengang Intermedia an der heutigen FHV mitzuentwickeln. Ich entwarf f\u00fcr das erste und zweite Semester Schriftgeschichte, Schriftentwicklung und Typografie. Zu dieser Zeit hatte ich an allen Ecken zu Hause und im Atelier Literatur und las und las, soviel ich nur konnte. Da ich meine Dozentent\u00e4tigkeit damals begann, war es f\u00fcr mich eine gro\u00dfe Herausforderung. Aber es lief dann super und leider musste ich aus privaten Gr\u00fcnden (Geburt meiner Zwillinge) dann f\u00fcr einige Jahre pausieren. Sehr motiviert hatte mich Hans Rudolf Lutz. Der Schweizer Gestalter und Dozent war ein total feiner, excellenter und lustiger Mensch. Typoundso kann ich jedem empfehlen, der mit Gestaltung und Lehre zu tun hat.<\/p>\n","protected":false},"excerpt":{"rendered":"<p>Unter der Leitung von Reinhard Gassner hatte ich die M\u00f6glichkeit, den Studiengang Intermedia an der heutigen FHV mitzuentwickeln. Ich entwarf f\u00fcr das erste und zweite Semester Schriftgeschichte, Schriftentwicklung und Typografie. Zu dieser Zeit hatte ich an allen Ecken zu Hause und im Atelier Literatur und las und las, soviel ich nur konnte. Da ich meine [&hellip;]<\/p>\n","protected":false},"author":1,"featured_media":0,"comment_status":"open","ping_status":"open","sticky":false,"template":"","format":"standard","meta":{"footnotes":""},"categories":[606],"tags":[932],"class_list":["post-28768","post","type-post","status-publish","format-standard","hentry","category-education","tag-fachhochschule-vorarlberg-en"],"_links":{"self":[{"href":"https:\/\/www.saegenvier.at\/en\/wp-json\/wp\/v2\/posts\/28768","targetHints":{"allow":["GET"]}}],"collection":[{"href":"https:\/\/www.saegenvier.at\/en\/wp-json\/wp\/v2\/posts"}],"about":[{"href":"https:\/\/www.saegenvier.at\/en\/wp-json\/wp\/v2\/types\/post"}],"author":[{"embeddable":true,"href":"https:\/\/www.saegenvier.at\/en\/wp-json\/wp\/v2\/users\/1"}],"replies":[{"embeddable":true,"href":"https:\/\/www.saegenvier.at\/en\/wp-json\/wp\/v2\/comments?post=28768"}],"version-history":[{"count":0,"href":"https:\/\/www.saegenvier.at\/en\/wp-json\/wp\/v2\/posts\/28768\/revisions"}],"wp:attachment":[{"href":"https:\/\/www.saegenvier.at\/en\/wp-json\/wp\/v2\/media?parent=28768"}],"wp:term":[{"taxonomy":"category","embeddable":true,"href":"https:\/\/www.saegenvier.at\/en\/wp-json\/wp\/v2\/categories?post=28768"},{"taxonomy":"post_tag","embeddable":true,"href":"https:\/\/www.saegenvier.at\/en\/wp-json\/wp\/v2\/tags?post=28768"}],"curies":[{"name":"wp","href":"https:\/\/api.w.org\/{rel}","templated":true}]}}