{"id":28791,"date":"1994-11-30T19:55:24","date_gmt":"1994-11-30T18:55:24","guid":{"rendered":"https:\/\/www.saegenvier.at\/stadtbus-feldkirch"},"modified":"1994-11-30T19:55:24","modified_gmt":"1994-11-30T18:55:24","slug":"stadtbus-feldkirch","status":"publish","type":"post","link":"https:\/\/www.saegenvier.at\/en\/stadtbus-feldkirch","title":{"rendered":"Stadtbus Feldkirch erstes Corporate Design"},"content":{"rendered":"<p>Das war eine haarige Situation. Nachdem Nolde Luger den beispielhaften Stadtbus Dornbirn eingef\u00fchrt hatte, wollten die Feldkircher einen mindestens so guten, wenn nicht sogar einen noch besseren Stadtbus Feldkirch. Reinhard Gassner und ich und als Architekt f\u00fcr die Stelen und Warteh\u00e4uschen Rudi W\u00e4ger machten uns an die Arbeit und entwickelten v\u00f6llig eigenst\u00e4ndige Designs. Sp\u00e4ter, als im Vorderland ebenfalls ein paar Grafiker dann eigenst\u00e4ndige Busse in diversen Beauftragungen gestalteten, kamen die Verantwortlichen drauf, da\u00df die Nichtstadtbusse eine visuelle und verbale Verbindung ben\u00f6tigen. Br\u00e4ndle, Dornig und Scherling wurden damals beauftragt und fanden den Landbus Vorderland. Diese Erkenntnis hatte uns dann dazu gezwungen, unseren Auftrag bei der Stadt Feldkirch zu stoppen und dann gemeinsam mit B\u00fcrgermeiser Hans Kohler dem Landesstatthalter Herbert Sausgruber den Gesamtauftrag an Nolde Luger f\u00fcr ein landesweites Bussystem zu empfehlen. Nolde hat dies super gel\u00f6st. Wir haben dann Jahre sp\u00e4ter das Redesign \u00fcbernommen und gestalten Bus und Bahn bis heute. Wenn ich ganz ehrlich bin, h\u00e4tte uns nat\u00fcrlich unsere L\u00f6sung besser gefallen. Logo, Busdesign und Stele aus alten Eisenbahnschienen&#8230; aber was tut man nicht alles f\u00fcr die Allgemeinheit.<\/p>\n","protected":false},"excerpt":{"rendered":"<p>Das war eine haarige Situation. Nachdem Nolde Luger den beispielhaften Stadtbus Dornbirn eingef\u00fchrt hatte, wollten die Feldkircher einen mindestens so guten, wenn nicht sogar einen noch besseren Stadtbus Feldkirch. Reinhard Gassner und ich und als Architekt f\u00fcr die Stelen und Warteh\u00e4uschen Rudi W\u00e4ger machten uns an die Arbeit und entwickelten v\u00f6llig eigenst\u00e4ndige Designs. Sp\u00e4ter, als [&hellip;]<\/p>\n","protected":false},"author":1,"featured_media":0,"comment_status":"open","ping_status":"open","sticky":false,"template":"","format":"standard","meta":{"footnotes":""},"categories":[593,603,609],"tags":[741,643],"class_list":["post-28791","post","type-post","status-publish","format-standard","hentry","category-corporate-designbrand","category-packaging","category-work","tag-stadt-feldkirch-en","tag-stadtbus-feldkirch-en"],"_links":{"self":[{"href":"https:\/\/www.saegenvier.at\/en\/wp-json\/wp\/v2\/posts\/28791","targetHints":{"allow":["GET"]}}],"collection":[{"href":"https:\/\/www.saegenvier.at\/en\/wp-json\/wp\/v2\/posts"}],"about":[{"href":"https:\/\/www.saegenvier.at\/en\/wp-json\/wp\/v2\/types\/post"}],"author":[{"embeddable":true,"href":"https:\/\/www.saegenvier.at\/en\/wp-json\/wp\/v2\/users\/1"}],"replies":[{"embeddable":true,"href":"https:\/\/www.saegenvier.at\/en\/wp-json\/wp\/v2\/comments?post=28791"}],"version-history":[{"count":0,"href":"https:\/\/www.saegenvier.at\/en\/wp-json\/wp\/v2\/posts\/28791\/revisions"}],"wp:attachment":[{"href":"https:\/\/www.saegenvier.at\/en\/wp-json\/wp\/v2\/media?parent=28791"}],"wp:term":[{"taxonomy":"category","embeddable":true,"href":"https:\/\/www.saegenvier.at\/en\/wp-json\/wp\/v2\/categories?post=28791"},{"taxonomy":"post_tag","embeddable":true,"href":"https:\/\/www.saegenvier.at\/en\/wp-json\/wp\/v2\/tags?post=28791"}],"curies":[{"name":"wp","href":"https:\/\/api.w.org\/{rel}","templated":true}]}}