{"id":28797,"date":"1994-06-18T10:36:30","date_gmt":"1994-06-18T09:36:30","guid":{"rendered":"https:\/\/www.saegenvier.at\/biennale-in-lahty-mit-reinhard-gassner-2"},"modified":"1994-06-18T10:36:30","modified_gmt":"1994-06-18T09:36:30","slug":"biennale-in-lahty-mit-reinhard-gassner-2","status":"publish","type":"post","link":"https:\/\/www.saegenvier.at\/en\/biennale-in-lahty-mit-reinhard-gassner-2","title":{"rendered":"Biennale in Lahty mit Reinhard Gassner"},"content":{"rendered":"<p>Als Reinhard Gassner und ich das erste Mal Plakate bei einem Wettbewerb zur Ausstellung eingereicht hatten, wurden einige unserer St\u00fccke in Lahty in Finnland auf der Biennale ausgestellt. Reinhard und ich entschieden uns, eine Woche nach Finnland zu reisen. Es war so eine herzliche und lustige Reise. Die Leute der Organisation waren total \u00fcberrascht und erfreut, da\u00df wir zwei \u00d6sterreicher extra anreisen. Sie luden uns spontan zu den JurorInnen ein und wir verbrachten die Tage mit Grafik-Gr\u00f6\u00dfen wie Gerd Wunderlich, Gunther Rambow, etc. Irre sch\u00f6ne Erfahrung. Tolle, offene Leute, ein wunderbares Land. \u00dcbrigens, die Spielzeiter\u00f6ffnungskampagne f\u00fcrs Stadttheater St. Gallen war ausgestellt. F\u00fcr diese Arbeit bekamen wir dann sp\u00e4ter auch einen Merrit Award beim Art Directors Club in New York. Leider traute ich mich damals nicht \u00fcber den Ozean zur Verleihung. \u00c4rgert mich heute noch&#8230;<\/p>\n<p>&nbsp;<\/p>\n","protected":false},"excerpt":{"rendered":"<p>Als Reinhard Gassner und ich das erste Mal Plakate bei einem Wettbewerb zur Ausstellung eingereicht hatten, wurden einige unserer St\u00fccke in Lahty in Finnland auf der Biennale ausgestellt. Reinhard und ich entschieden uns, eine Woche nach Finnland zu reisen. Es war so eine herzliche und lustige Reise. Die Leute der Organisation waren total \u00fcberrascht und [&hellip;]<\/p>\n","protected":false},"author":1,"featured_media":0,"comment_status":"open","ping_status":"open","sticky":false,"template":"","format":"standard","meta":{"footnotes":""},"categories":[608,607,609],"tags":[628,703,651],"class_list":["post-28797","post","type-post","status-publish","format-standard","hentry","category-around-us","category-publication","category-work","tag-plakat-en","tag-saegenvier-en","tag-team-en"],"_links":{"self":[{"href":"https:\/\/www.saegenvier.at\/en\/wp-json\/wp\/v2\/posts\/28797","targetHints":{"allow":["GET"]}}],"collection":[{"href":"https:\/\/www.saegenvier.at\/en\/wp-json\/wp\/v2\/posts"}],"about":[{"href":"https:\/\/www.saegenvier.at\/en\/wp-json\/wp\/v2\/types\/post"}],"author":[{"embeddable":true,"href":"https:\/\/www.saegenvier.at\/en\/wp-json\/wp\/v2\/users\/1"}],"replies":[{"embeddable":true,"href":"https:\/\/www.saegenvier.at\/en\/wp-json\/wp\/v2\/comments?post=28797"}],"version-history":[{"count":0,"href":"https:\/\/www.saegenvier.at\/en\/wp-json\/wp\/v2\/posts\/28797\/revisions"}],"wp:attachment":[{"href":"https:\/\/www.saegenvier.at\/en\/wp-json\/wp\/v2\/media?parent=28797"}],"wp:term":[{"taxonomy":"category","embeddable":true,"href":"https:\/\/www.saegenvier.at\/en\/wp-json\/wp\/v2\/categories?post=28797"},{"taxonomy":"post_tag","embeddable":true,"href":"https:\/\/www.saegenvier.at\/en\/wp-json\/wp\/v2\/tags?post=28797"}],"curies":[{"name":"wp","href":"https:\/\/api.w.org\/{rel}","templated":true}]}}