{"id":28813,"date":"1993-01-27T18:29:32","date_gmt":"1993-01-27T17:29:32","guid":{"rendered":"https:\/\/www.saegenvier.at\/leben-mit-der-sonne"},"modified":"1993-01-27T18:29:32","modified_gmt":"1993-01-27T17:29:32","slug":"leben-mit-der-sonne","status":"publish","type":"post","link":"https:\/\/www.saegenvier.at\/en\/leben-mit-der-sonne","title":{"rendered":"Leben mit der Sonne"},"content":{"rendered":"<p>Reinhard Gassner und ich haben f\u00fcr das Energieinstitut Vorarlberg &#8211; damals noch unter der Leitung von Ernst Schwald &#8211; einen Messestand auf der Dornbirner Messe zum Thema Leben mit der Sonne gestaltet. Wir holten den St. Galler Dekorateur George Bruderer, den Feldkircher Fotografen Nikolaus Walter und bauten einen Stand mit einem Spiegelbrunnen. Damit die Fotografien von Nikolaus nat\u00fcrliches Licht als Beleuchtung bekommen, montierten wir einen Parabolspiegel auf das Messedach. Eine spektakul\u00e4re und technisch nicht ganz anspruchslose Aufgabenstellung. Und damit die Besucher der Messe das Sonnenspiel und das Leben mit der Sonne nachlesen und nachschauen konnten (neben ganz wichtigen Zahlen und Fakten zum Thema Energie und Sonne), brachten wir diese Brosch\u00fcre heraus. Mit Bilder aus der Weltgeschichte, die den Umgang mit unserem Planeten beschreiben. Und als kleine Spielerei platzierten wir auf der R\u00fcckseite des kleinen B\u00fcchleins eine Heissfolienpr\u00e4gung. Damit kann man selber das Spiel mit dem Sonnenlicht erkunden.<\/p>\n","protected":false},"excerpt":{"rendered":"<p>Reinhard Gassner und ich haben f\u00fcr das Energieinstitut Vorarlberg &#8211; damals noch unter der Leitung von Ernst Schwald &#8211; einen Messestand auf der Dornbirner Messe zum Thema Leben mit der Sonne gestaltet. Wir holten den St. Galler Dekorateur George Bruderer, den Feldkircher Fotografen Nikolaus Walter und bauten einen Stand mit einem Spiegelbrunnen. Damit die Fotografien [&hellip;]<\/p>\n","protected":false},"author":1,"featured_media":0,"comment_status":"open","ping_status":"open","sticky":false,"template":"","format":"standard","meta":{"footnotes":""},"categories":[595,607,609],"tags":[648,794],"class_list":["post-28813","post","type-post","status-publish","format-standard","hentry","category-editorial-en","category-publication","category-work","tag-broschure-en","tag-energieinstitut-vorarlberg-en"],"_links":{"self":[{"href":"https:\/\/www.saegenvier.at\/en\/wp-json\/wp\/v2\/posts\/28813","targetHints":{"allow":["GET"]}}],"collection":[{"href":"https:\/\/www.saegenvier.at\/en\/wp-json\/wp\/v2\/posts"}],"about":[{"href":"https:\/\/www.saegenvier.at\/en\/wp-json\/wp\/v2\/types\/post"}],"author":[{"embeddable":true,"href":"https:\/\/www.saegenvier.at\/en\/wp-json\/wp\/v2\/users\/1"}],"replies":[{"embeddable":true,"href":"https:\/\/www.saegenvier.at\/en\/wp-json\/wp\/v2\/comments?post=28813"}],"version-history":[{"count":0,"href":"https:\/\/www.saegenvier.at\/en\/wp-json\/wp\/v2\/posts\/28813\/revisions"}],"wp:attachment":[{"href":"https:\/\/www.saegenvier.at\/en\/wp-json\/wp\/v2\/media?parent=28813"}],"wp:term":[{"taxonomy":"category","embeddable":true,"href":"https:\/\/www.saegenvier.at\/en\/wp-json\/wp\/v2\/categories?post=28813"},{"taxonomy":"post_tag","embeddable":true,"href":"https:\/\/www.saegenvier.at\/en\/wp-json\/wp\/v2\/tags?post=28813"}],"curies":[{"name":"wp","href":"https:\/\/api.w.org\/{rel}","templated":true}]}}