{"id":28823,"date":"1992-11-18T14:32:57","date_gmt":"1992-11-18T13:32:57","guid":{"rendered":"https:\/\/www.saegenvier.at\/othello-darf-nicht-platzen"},"modified":"1992-11-18T14:32:57","modified_gmt":"1992-11-18T13:32:57","slug":"othello-darf-nicht-platzen","status":"publish","type":"post","link":"https:\/\/www.saegenvier.at\/en\/othello-darf-nicht-platzen","title":{"rendered":"Othello darf nicht platzen"},"content":{"rendered":"<p>Reinhard Gassner und ich haben f\u00fcr 2 Auff\u00fchrungen &#8220;Othello darf nicht platzen&#8221; und &#8220;Irma La Douce&#8221; die Kommunikation gestaltet. Die St\u00fccke wurden in einem alten Kino in St. Gallen aufgef\u00fchrt. Leider war die Gesamtqualit\u00e4t der Gesamtinszenierung nicht ganz entsprechend &#8211; vor allem Irma La Douce war dann sehr schlecht besucht &#8211; und das andere Theater musste wieder schliessen. Spannend war der Entwurfs- und Ausarbeitungsprozess. Das Portraitfoto von Kurz Sternik und Bruno Felix, eine Klarsichtfolie dr\u00fcber und meine Handschrift mit Farbpinsel und Silberstift direkt kalligrafiert und dann reproduziert und f\u00fcr den Druck finalisiert. Fast 1zu1.<\/p>\n","protected":false},"excerpt":{"rendered":"<p>Reinhard Gassner und ich haben f\u00fcr 2 Auff\u00fchrungen &#8220;Othello darf nicht platzen&#8221; und &#8220;Irma La Douce&#8221; die Kommunikation gestaltet. Die St\u00fccke wurden in einem alten Kino in St. Gallen aufgef\u00fchrt. Leider war die Gesamtqualit\u00e4t der Gesamtinszenierung nicht ganz entsprechend &#8211; vor allem Irma La Douce war dann sehr schlecht besucht &#8211; und das andere Theater [&hellip;]<\/p>\n","protected":false},"author":1,"featured_media":0,"comment_status":"open","ping_status":"open","sticky":false,"template":"","format":"standard","meta":{"footnotes":""},"categories":[605,599,593,600,607,609],"tags":[984,783,628],"class_list":["post-28823","post","type-post","status-publish","format-standard","hentry","category-awards","category-campaigns","category-corporate-designbrand","category-posters","category-publication","category-work","tag-das-andere-theater-en","tag-kultur-en","tag-plakat-en"],"_links":{"self":[{"href":"https:\/\/www.saegenvier.at\/en\/wp-json\/wp\/v2\/posts\/28823","targetHints":{"allow":["GET"]}}],"collection":[{"href":"https:\/\/www.saegenvier.at\/en\/wp-json\/wp\/v2\/posts"}],"about":[{"href":"https:\/\/www.saegenvier.at\/en\/wp-json\/wp\/v2\/types\/post"}],"author":[{"embeddable":true,"href":"https:\/\/www.saegenvier.at\/en\/wp-json\/wp\/v2\/users\/1"}],"replies":[{"embeddable":true,"href":"https:\/\/www.saegenvier.at\/en\/wp-json\/wp\/v2\/comments?post=28823"}],"version-history":[{"count":0,"href":"https:\/\/www.saegenvier.at\/en\/wp-json\/wp\/v2\/posts\/28823\/revisions"}],"wp:attachment":[{"href":"https:\/\/www.saegenvier.at\/en\/wp-json\/wp\/v2\/media?parent=28823"}],"wp:term":[{"taxonomy":"category","embeddable":true,"href":"https:\/\/www.saegenvier.at\/en\/wp-json\/wp\/v2\/categories?post=28823"},{"taxonomy":"post_tag","embeddable":true,"href":"https:\/\/www.saegenvier.at\/en\/wp-json\/wp\/v2\/tags?post=28823"}],"curies":[{"name":"wp","href":"https:\/\/api.w.org\/{rel}","templated":true}]}}