{"id":28832,"date":"1991-11-14T19:13:36","date_gmt":"1991-11-14T18:13:36","guid":{"rendered":"https:\/\/www.saegenvier.at\/kunstraumdornbirn"},"modified":"1991-11-14T19:13:36","modified_gmt":"1991-11-14T18:13:36","slug":"kunstraumdornbirn","status":"publish","type":"post","link":"https:\/\/www.saegenvier.at\/en\/kunstraumdornbirn","title":{"rendered":"KunstRaumDornbirn"},"content":{"rendered":"<p>Mit Heinz Mathis und Hans D\u00fcnser, die den KunstRaumDornbirn gr\u00fcndeten, habe ich dieses Erscheinungsbild gestaltet. F\u00fcr mich einer der ersten &#8220;international&#8221; anmutenden Jobs in der Kulturszene. Die Typografie hatte der Vorlage im Entwurf nicht ganz Stand gehalten, aber insgesamt sahen die Programmbrosch\u00fcren sehr sch\u00f6n und \u00fcbersichtlich aus. Im Detail darf man das nat\u00fcrlich heute nicht kommentieren. Da ist einiges im Argen. Aber heute kann man ja Gott sei Dank alles selber am Computer bearbeiten und feinjustieren. Mehr Raum f\u00fcr die Kunst&#8230;<\/p>\n","protected":false},"excerpt":{"rendered":"<p>Mit Heinz Mathis und Hans D\u00fcnser, die den KunstRaumDornbirn gr\u00fcndeten, habe ich dieses Erscheinungsbild gestaltet. F\u00fcr mich einer der ersten &#8220;international&#8221; anmutenden Jobs in der Kulturszene. Die Typografie hatte der Vorlage im Entwurf nicht ganz Stand gehalten, aber insgesamt sahen die Programmbrosch\u00fcren sehr sch\u00f6n und \u00fcbersichtlich aus. Im Detail darf man das nat\u00fcrlich heute nicht [&hellip;]<\/p>\n","protected":false},"author":1,"featured_media":0,"comment_status":"open","ping_status":"open","sticky":false,"template":"","format":"standard","meta":{"footnotes":""},"categories":[593,609],"tags":[994],"class_list":["post-28832","post","type-post","status-publish","format-standard","hentry","category-corporate-designbrand","category-work","tag-kunst-raum-dornbirn-en"],"_links":{"self":[{"href":"https:\/\/www.saegenvier.at\/en\/wp-json\/wp\/v2\/posts\/28832","targetHints":{"allow":["GET"]}}],"collection":[{"href":"https:\/\/www.saegenvier.at\/en\/wp-json\/wp\/v2\/posts"}],"about":[{"href":"https:\/\/www.saegenvier.at\/en\/wp-json\/wp\/v2\/types\/post"}],"author":[{"embeddable":true,"href":"https:\/\/www.saegenvier.at\/en\/wp-json\/wp\/v2\/users\/1"}],"replies":[{"embeddable":true,"href":"https:\/\/www.saegenvier.at\/en\/wp-json\/wp\/v2\/comments?post=28832"}],"version-history":[{"count":0,"href":"https:\/\/www.saegenvier.at\/en\/wp-json\/wp\/v2\/posts\/28832\/revisions"}],"wp:attachment":[{"href":"https:\/\/www.saegenvier.at\/en\/wp-json\/wp\/v2\/media?parent=28832"}],"wp:term":[{"taxonomy":"category","embeddable":true,"href":"https:\/\/www.saegenvier.at\/en\/wp-json\/wp\/v2\/categories?post=28832"},{"taxonomy":"post_tag","embeddable":true,"href":"https:\/\/www.saegenvier.at\/en\/wp-json\/wp\/v2\/tags?post=28832"}],"curies":[{"name":"wp","href":"https:\/\/api.w.org\/{rel}","templated":true}]}}