{"id":28843,"date":"1990-06-29T18:07:25","date_gmt":"1990-06-29T17:07:25","guid":{"rendered":"https:\/\/www.saegenvier.at\/handelskammer-vorarlberg"},"modified":"1990-06-29T18:07:25","modified_gmt":"1990-06-29T17:07:25","slug":"handelskammer-vorarlberg","status":"publish","type":"post","link":"https:\/\/www.saegenvier.at\/en\/handelskammer-vorarlberg","title":{"rendered":"Handelskammer Vorarlberg"},"content":{"rendered":"<p>Damals hiess die Institution noch so. Ein Leitfaden der Servicestellen w\u00f6rtlich bzw. bildlich genommen. \u00dcberrascht hatte mich damals Herr &#8211; oh jetzt habe ich den Namen vergessen &#8211; jedenfalls der Auftraggeber konnte super gespiegelt Korrekturlesen. Er war fr\u00fcher Schriftsetzer. Lang lang ist es her. Die F\u00e4den waren wirklich insgesamt einge Meter lang und dann beschnitten und mit der Reprokamera druckf\u00e4hig gemacht.<\/p>\n","protected":false},"excerpt":{"rendered":"<p>Damals hiess die Institution noch so. Ein Leitfaden der Servicestellen w\u00f6rtlich bzw. bildlich genommen. \u00dcberrascht hatte mich damals Herr &#8211; oh jetzt habe ich den Namen vergessen &#8211; jedenfalls der Auftraggeber konnte super gespiegelt Korrekturlesen. Er war fr\u00fcher Schriftsetzer. Lang lang ist es her. Die F\u00e4den waren wirklich insgesamt einge Meter lang und dann beschnitten [&hellip;]<\/p>\n","protected":false},"author":1,"featured_media":0,"comment_status":"open","ping_status":"open","sticky":false,"template":"","format":"standard","meta":{"footnotes":""},"categories":[595,598,609],"tags":[997,998],"class_list":["post-28843","post","type-post","status-publish","format-standard","hentry","category-editorial-en","category-illustration-en","category-work","tag-edition-en","tag-handeslkammer-vorarlberg-en"],"_links":{"self":[{"href":"https:\/\/www.saegenvier.at\/en\/wp-json\/wp\/v2\/posts\/28843","targetHints":{"allow":["GET"]}}],"collection":[{"href":"https:\/\/www.saegenvier.at\/en\/wp-json\/wp\/v2\/posts"}],"about":[{"href":"https:\/\/www.saegenvier.at\/en\/wp-json\/wp\/v2\/types\/post"}],"author":[{"embeddable":true,"href":"https:\/\/www.saegenvier.at\/en\/wp-json\/wp\/v2\/users\/1"}],"replies":[{"embeddable":true,"href":"https:\/\/www.saegenvier.at\/en\/wp-json\/wp\/v2\/comments?post=28843"}],"version-history":[{"count":0,"href":"https:\/\/www.saegenvier.at\/en\/wp-json\/wp\/v2\/posts\/28843\/revisions"}],"wp:attachment":[{"href":"https:\/\/www.saegenvier.at\/en\/wp-json\/wp\/v2\/media?parent=28843"}],"wp:term":[{"taxonomy":"category","embeddable":true,"href":"https:\/\/www.saegenvier.at\/en\/wp-json\/wp\/v2\/categories?post=28843"},{"taxonomy":"post_tag","embeddable":true,"href":"https:\/\/www.saegenvier.at\/en\/wp-json\/wp\/v2\/tags?post=28843"}],"curies":[{"name":"wp","href":"https:\/\/api.w.org\/{rel}","templated":true}]}}