{"id":28862,"date":"1988-11-14T19:18:20","date_gmt":"1988-11-14T18:18:20","guid":{"rendered":"https:\/\/www.saegenvier.at\/szene-feldkirch"},"modified":"1988-11-14T19:18:20","modified_gmt":"1988-11-14T18:18:20","slug":"szene-feldkirch","status":"publish","type":"post","link":"https:\/\/www.saegenvier.at\/en\/szene-feldkirch","title":{"rendered":"Szene Feldkirch"},"content":{"rendered":"<p>Einer meiner allerersten Auftr\u00e4ge f\u00fcr die Stadt Feldkirch. Und f\u00fcr die Kulturabteilung. Der Titel ist mir echt gelungen, die Innenseiten waren katastrophal. Grausliger Satzspiegel, viel zu schmales Format, schlechte Typografie. Aber wie gesagt, die H\u00fclle huiiiiii. \u00dcbrigens habe ich die Schrift mit Ulanofolie ausgeschnitten. Handarbeit pur.<\/p>\n","protected":false},"excerpt":{"rendered":"<p>Einer meiner allerersten Auftr\u00e4ge f\u00fcr die Stadt Feldkirch. Und f\u00fcr die Kulturabteilung. Der Titel ist mir echt gelungen, die Innenseiten waren katastrophal. Grausliger Satzspiegel, viel zu schmales Format, schlechte Typografie. Aber wie gesagt, die H\u00fclle huiiiiii. \u00dcbrigens habe ich die Schrift mit Ulanofolie ausgeschnitten. Handarbeit pur.<\/p>\n","protected":false},"author":1,"featured_media":0,"comment_status":"open","ping_status":"open","sticky":false,"template":"","format":"standard","meta":{"footnotes":""},"categories":[593,595,609],"tags":[741,1010],"class_list":["post-28862","post","type-post","status-publish","format-standard","hentry","category-corporate-designbrand","category-editorial-en","category-work","tag-stadt-feldkirch-en","tag-szene-en"],"_links":{"self":[{"href":"https:\/\/www.saegenvier.at\/en\/wp-json\/wp\/v2\/posts\/28862","targetHints":{"allow":["GET"]}}],"collection":[{"href":"https:\/\/www.saegenvier.at\/en\/wp-json\/wp\/v2\/posts"}],"about":[{"href":"https:\/\/www.saegenvier.at\/en\/wp-json\/wp\/v2\/types\/post"}],"author":[{"embeddable":true,"href":"https:\/\/www.saegenvier.at\/en\/wp-json\/wp\/v2\/users\/1"}],"replies":[{"embeddable":true,"href":"https:\/\/www.saegenvier.at\/en\/wp-json\/wp\/v2\/comments?post=28862"}],"version-history":[{"count":0,"href":"https:\/\/www.saegenvier.at\/en\/wp-json\/wp\/v2\/posts\/28862\/revisions"}],"wp:attachment":[{"href":"https:\/\/www.saegenvier.at\/en\/wp-json\/wp\/v2\/media?parent=28862"}],"wp:term":[{"taxonomy":"category","embeddable":true,"href":"https:\/\/www.saegenvier.at\/en\/wp-json\/wp\/v2\/categories?post=28862"},{"taxonomy":"post_tag","embeddable":true,"href":"https:\/\/www.saegenvier.at\/en\/wp-json\/wp\/v2\/tags?post=28862"}],"curies":[{"name":"wp","href":"https:\/\/api.w.org\/{rel}","templated":true}]}}