{"id":28917,"date":"2021-04-09T20:03:19","date_gmt":"2021-04-09T18:03:19","guid":{"rendered":"https:\/\/www.saegenvier.at\/wir-wollen-wieder"},"modified":"2021-05-07T09:40:55","modified_gmt":"2021-05-07T07:40:55","slug":"wir-wollen-wieder","status":"publish","type":"post","link":"https:\/\/www.saegenvier.at\/en\/wir-wollen-wieder","title":{"rendered":"Wir wollen wieder\u2026 Vorarlberg impft."},"content":{"rendered":"<p>Gemeinsam mit der Kommunikationsagentur ikp Vorarlberg wurden wir nach einem erfolgreichen Wettbewerb mit der Impfkampagne f\u00fcr das Land Vorarlberg beauftragt. Die Zusammenarbeit zwischen S\u00e4genvier (Elias Riedmann, Viktor \u00d6lz), ikp Vorarlberg (Martin Dechant, Bernhard Tschann, Simmi Walia) und dem Land Vorarlberg (Florian Themessl-Huber, David Burgstaller) verlief stets auf Augenh\u00f6he und war f\u00fcr alle Beteiligten sehr befl\u00fcgelnd. Die Kampagne selbst ist crossmedial angelegt \u2013 sowohl digital als auch analog. Im Zentrum stehen rund 60 unterschiedliche Sujets, die Gef\u00fchle und Sehns\u00fcchte unseres Alltags abbilden sollen.<\/p>\n<p>Die Plakate sind an \u00f6ffentlichen Pl\u00e4tzen, in verschiedenen Institutionen oder auf sozialen Medien zu sehen. Erg\u00e4nzt wird die Kampagne mit einem Plakatgenerator. Mit diesem Tool haben beispielsweise Institutionen oder Vereine die M\u00f6glichkeit, individuelle Plakate zu erstellen. Dieser wurde von unseren Innsbrucker Freunden Tom und Tobias von Plural umgesetzt. Im Rahmen der Kampagne wurden zudem gemeinsam mit dem Filmteam rund um Thomas Stanglechner Videoclips mit 12 Personen aus verschiedenen Bereichen des gesellschaftlichen Lebens produziert.<\/p>\n<p>Die Kampagne selbst ist ebenso breit gef\u00e4chert wie die Zielgruppe, die sie erreichen soll. Unsere Sujets tragen den Titel \u201eWir wollen wieder\u2026\u201c. Mit den vielen Botschaften m\u00f6chten wir die Menschen dort erreichen, wo ihr pers\u00f6nliches Leben derzeit eingeschr\u00e4nkt ist. Ziel ist es, mit diesem Ansatz Menschen zu ermutigen, sich f\u00fcr die Corona-Impfung anzumelden \u2013 ganz nach dem bekannten Motto: \u201eSchau auf dich, schau auf mich\u201c. Denn erst wenn ein Gro\u00dfteil von uns geimpft ist, k\u00f6nnen sich unsere individuellen W\u00fcnsche in naher Zukunft wieder erf\u00fcllen.<\/p>\n<p>&nbsp;<\/p>\n<p>&nbsp;<\/p>\n<p><iframe loading=\"lazy\" src=\"https:\/\/player.vimeo.com\/video\/537249237\" width=\"640\" height=\"360\" frameborder=\"0\" allowfullscreen=\"allowfullscreen\"><\/iframe><\/p>\n<p><iframe loading=\"lazy\" title=\"vimeo-player\" src=\"https:\/\/player.vimeo.com\/video\/537251896\" width=\"640\" height=\"360\" frameborder=\"0\" allowfullscreen=\"allowfullscreen\"><\/iframe><\/p>\n<p>&nbsp;<\/p>\n<p><iframe loading=\"lazy\" width=\"560\" height=\"315\" src=\"https:\/\/www.youtube.com\/embed\/Q1DscCwgKLM\" title=\"YouTube video player\" frameborder=\"0\" allow=\"accelerometer; autoplay; clipboard-write; encrypted-media; gyroscope; picture-in-picture\" allowfullscreen><\/iframe><\/p>\n<p>&nbsp;<\/p>\n","protected":false},"excerpt":{"rendered":"<p>Gemeinsam mit der Kommunikationsagentur ikp Vorarlberg wurden wir nach einem erfolgreichen Wettbewerb mit der Impfkampagne f\u00fcr das Land Vorarlberg beauftragt. Die Zusammenarbeit zwischen S\u00e4genvier (Elias Riedmann, Viktor \u00d6lz), ikp Vorarlberg (Martin Dechant, Bernhard Tschann, Simmi Walia) und dem Land Vorarlberg (Florian Themessl-Huber, David Burgstaller) verlief stets auf Augenh\u00f6he und war f\u00fcr alle Beteiligten sehr befl\u00fcgelnd. [&hellip;]<\/p>\n","protected":false},"author":12,"featured_media":27080,"comment_status":"closed","ping_status":"closed","sticky":false,"template":"","format":"standard","meta":{"footnotes":""},"categories":[599,593,594,592,600,609],"tags":[],"class_list":["post-28917","post","type-post","status-publish","format-standard","has-post-thumbnail","hentry","category-campaigns","category-corporate-designbrand","category-designkommunikation-en","category-moving-images","category-posters","category-work"],"_links":{"self":[{"href":"https:\/\/www.saegenvier.at\/en\/wp-json\/wp\/v2\/posts\/28917","targetHints":{"allow":["GET"]}}],"collection":[{"href":"https:\/\/www.saegenvier.at\/en\/wp-json\/wp\/v2\/posts"}],"about":[{"href":"https:\/\/www.saegenvier.at\/en\/wp-json\/wp\/v2\/types\/post"}],"author":[{"embeddable":true,"href":"https:\/\/www.saegenvier.at\/en\/wp-json\/wp\/v2\/users\/12"}],"replies":[{"embeddable":true,"href":"https:\/\/www.saegenvier.at\/en\/wp-json\/wp\/v2\/comments?post=28917"}],"version-history":[{"count":0,"href":"https:\/\/www.saegenvier.at\/en\/wp-json\/wp\/v2\/posts\/28917\/revisions"}],"wp:featuredmedia":[{"embeddable":true,"href":"https:\/\/www.saegenvier.at\/en\/wp-json\/wp\/v2\/media\/27080"}],"wp:attachment":[{"href":"https:\/\/www.saegenvier.at\/en\/wp-json\/wp\/v2\/media?parent=28917"}],"wp:term":[{"taxonomy":"category","embeddable":true,"href":"https:\/\/www.saegenvier.at\/en\/wp-json\/wp\/v2\/categories?post=28917"},{"taxonomy":"post_tag","embeddable":true,"href":"https:\/\/www.saegenvier.at\/en\/wp-json\/wp\/v2\/tags?post=28917"}],"curies":[{"name":"wp","href":"https:\/\/api.w.org\/{rel}","templated":true}]}}