{"id":29282,"date":"2021-08-18T18:50:05","date_gmt":"2021-08-18T16:50:05","guid":{"rendered":"https:\/\/www.saegenvier.at\/plakatwand-in-der-saege"},"modified":"2021-08-19T08:41:02","modified_gmt":"2021-08-19T06:41:02","slug":"plakatwand-in-der-saege","status":"publish","type":"post","link":"https:\/\/www.saegenvier.at\/en\/plakatwand-in-der-saege","title":{"rendered":"Plakatwand in der S\u00e4ge"},"content":{"rendered":"<p>Ein bisschen was ist wieder dazugekommen und wurde affichiert. Die Impfkampagne mit so vielen speziellen und individuellen Sujets, eine freie Plakatarbeit Modeatkrie &#8211; wer kennt die L\u00f6sung? Und das letzte Sujet f\u00fcr das vorarlberg museum. Bin gespannt, wie lange wir noch \u00fcberkleben k\u00f6nnen &#8211; der Kleister scheint sich in den Zeiten bereits aufzul\u00f6sen. Aber dann werden wir einfach neu anfangen&#8230;<\/p>\n","protected":false},"excerpt":{"rendered":"<p>Ein bisschen was ist wieder dazugekommen und wurde affichiert. Die Impfkampagne mit so vielen speziellen und individuellen Sujets, eine freie Plakatarbeit Modeatkrie &#8211; wer kennt die L\u00f6sung? Und das letzte Sujet f\u00fcr das vorarlberg museum. Bin gespannt, wie lange wir noch \u00fcberkleben k\u00f6nnen &#8211; der Kleister scheint sich in den Zeiten bereits aufzul\u00f6sen. Aber dann [&hellip;]<\/p>\n","protected":false},"author":12,"featured_media":0,"comment_status":"closed","ping_status":"closed","sticky":false,"template":"","format":"standard","meta":{"footnotes":""},"categories":[594,600,609],"tags":[],"class_list":["post-29282","post","type-post","status-publish","format-standard","hentry","category-designkommunikation-en","category-posters","category-work"],"_links":{"self":[{"href":"https:\/\/www.saegenvier.at\/en\/wp-json\/wp\/v2\/posts\/29282","targetHints":{"allow":["GET"]}}],"collection":[{"href":"https:\/\/www.saegenvier.at\/en\/wp-json\/wp\/v2\/posts"}],"about":[{"href":"https:\/\/www.saegenvier.at\/en\/wp-json\/wp\/v2\/types\/post"}],"author":[{"embeddable":true,"href":"https:\/\/www.saegenvier.at\/en\/wp-json\/wp\/v2\/users\/12"}],"replies":[{"embeddable":true,"href":"https:\/\/www.saegenvier.at\/en\/wp-json\/wp\/v2\/comments?post=29282"}],"version-history":[{"count":0,"href":"https:\/\/www.saegenvier.at\/en\/wp-json\/wp\/v2\/posts\/29282\/revisions"}],"wp:attachment":[{"href":"https:\/\/www.saegenvier.at\/en\/wp-json\/wp\/v2\/media?parent=29282"}],"wp:term":[{"taxonomy":"category","embeddable":true,"href":"https:\/\/www.saegenvier.at\/en\/wp-json\/wp\/v2\/categories?post=29282"},{"taxonomy":"post_tag","embeddable":true,"href":"https:\/\/www.saegenvier.at\/en\/wp-json\/wp\/v2\/tags?post=29282"}],"curies":[{"name":"wp","href":"https:\/\/api.w.org\/{rel}","templated":true}]}}