{"id":30037,"date":"2022-04-12T19:56:36","date_gmt":"2022-04-12T17:56:36","guid":{"rendered":"https:\/\/www.saegenvier.at\/beauty-ausstellung"},"modified":"2022-04-13T08:14:43","modified_gmt":"2022-04-13T06:14:43","slug":"beauty-ausstellung","status":"publish","type":"post","link":"https:\/\/www.saegenvier.at\/en\/beauty-ausstellung","title":{"rendered":"vm BEAUTY Ausstellung"},"content":{"rendered":"<p>Diese Gestaltung der Ausstellungsbewerbung f\u00fcr das vorarlberg museum ist f\u00fcr uns mehr als ein Auftrag. Ist uns eine Ehre, die Geschicke von Sagmeister und Walsh in die \u00d6ffentlichkeit zu f\u00fchren. Mit ihren Sujets, die sie uns zur Verf\u00fcgung gestellt hatten. Die Lisa Fink so fein in die Details gef\u00fchrt hat und Erwin so gut fotografisch dokumentiert hat. Grandiose Arbeit f\u00fcr Beauty im weitesten Sinne. Grandiose Arbeit, die wir so gerne begleiten. Danke an alle und deren Offenheit und Dynmaik der Sch\u00f6nheit.<\/p>\n","protected":false},"excerpt":{"rendered":"<p>Diese Gestaltung der Ausstellungsbewerbung f\u00fcr das vorarlberg museum ist f\u00fcr uns mehr als ein Auftrag. Ist uns eine Ehre, die Geschicke von Sagmeister und Walsh in die \u00d6ffentlichkeit zu f\u00fchren. Mit ihren Sujets, die sie uns zur Verf\u00fcgung gestellt hatten. Die Lisa Fink so fein in die Details gef\u00fchrt hat und Erwin so gut fotografisch [&hellip;]<\/p>\n","protected":false},"author":1,"featured_media":0,"comment_status":"closed","ping_status":"closed","sticky":false,"template":"","format":"standard","meta":{"footnotes":""},"categories":[599,593,594,597,600,609],"tags":[],"class_list":["post-30037","post","type-post","status-publish","format-standard","hentry","category-campaigns","category-corporate-designbrand","category-designkommunikation-en","category-guerilla-en","category-posters","category-work"],"_links":{"self":[{"href":"https:\/\/www.saegenvier.at\/en\/wp-json\/wp\/v2\/posts\/30037","targetHints":{"allow":["GET"]}}],"collection":[{"href":"https:\/\/www.saegenvier.at\/en\/wp-json\/wp\/v2\/posts"}],"about":[{"href":"https:\/\/www.saegenvier.at\/en\/wp-json\/wp\/v2\/types\/post"}],"author":[{"embeddable":true,"href":"https:\/\/www.saegenvier.at\/en\/wp-json\/wp\/v2\/users\/1"}],"replies":[{"embeddable":true,"href":"https:\/\/www.saegenvier.at\/en\/wp-json\/wp\/v2\/comments?post=30037"}],"version-history":[{"count":0,"href":"https:\/\/www.saegenvier.at\/en\/wp-json\/wp\/v2\/posts\/30037\/revisions"}],"wp:attachment":[{"href":"https:\/\/www.saegenvier.at\/en\/wp-json\/wp\/v2\/media?parent=30037"}],"wp:term":[{"taxonomy":"category","embeddable":true,"href":"https:\/\/www.saegenvier.at\/en\/wp-json\/wp\/v2\/categories?post=30037"},{"taxonomy":"post_tag","embeddable":true,"href":"https:\/\/www.saegenvier.at\/en\/wp-json\/wp\/v2\/tags?post=30037"}],"curies":[{"name":"wp","href":"https:\/\/api.w.org\/{rel}","templated":true}]}}