{"id":30377,"date":"2022-08-09T20:21:21","date_gmt":"2022-08-09T18:21:21","guid":{"rendered":"https:\/\/www.saegenvier.at\/gruss-aus-der-kueche"},"modified":"2022-08-12T08:22:07","modified_gmt":"2022-08-12T06:22:07","slug":"gruss-aus-der-kueche","status":"publish","type":"post","link":"https:\/\/www.saegenvier.at\/en\/gruss-aus-der-kueche","title":{"rendered":"Gruss aus der K\u00fcche"},"content":{"rendered":"<p>Im ersten Workshop bei Stefan Hagen (Hagen Management) mit Nathalie Roithinger und mir ist die Idee \u201eGruss aus der K\u00fcche\u201c entstanden. Sie wurde spontan mit einer klaren Kommunikationslinie f\u00fcr s\u00e4mtliche mediale Kan\u00e4le gestaltet. Elias Riedmann war hier f\u00fcr die grafische Umsetzung verantwortlich. Die Kampagne stellt die Gastronomie in Lustenau als lustvolle Gastgeber*innen dar und l\u00e4dt G\u00e4ste \u2013 aber auch Mitarbeiter*innen \u2013 dazu ein, die Vielfalt der Lustenauer Kulinarik aufzuzeigen. Danke an alle Beteiligten. Super Arbeit! Und Danke an Erwin Kamoglu f\u00fcr die tolle Aufbereitung f\u00fcr unsere Website.<\/p>\n","protected":false},"excerpt":{"rendered":"<p>Im ersten Workshop bei Stefan Hagen (Hagen Management) mit Nathalie Roithinger und mir ist die Idee \u201eGruss aus der K\u00fcche\u201c entstanden. Sie wurde spontan mit einer klaren Kommunikationslinie f\u00fcr s\u00e4mtliche mediale Kan\u00e4le gestaltet. Elias Riedmann war hier f\u00fcr die grafische Umsetzung verantwortlich. Die Kampagne stellt die Gastronomie in Lustenau als lustvolle Gastgeber*innen dar und l\u00e4dt [&hellip;]<\/p>\n","protected":false},"author":1,"featured_media":0,"comment_status":"closed","ping_status":"closed","sticky":false,"template":"","format":"standard","meta":{"footnotes":""},"categories":[599,594,598,600,604,609],"tags":[],"class_list":["post-30377","post","type-post","status-publish","format-standard","hentry","category-campaigns","category-designkommunikation-en","category-illustration-en","category-posters","category-web-en","category-work"],"_links":{"self":[{"href":"https:\/\/www.saegenvier.at\/en\/wp-json\/wp\/v2\/posts\/30377","targetHints":{"allow":["GET"]}}],"collection":[{"href":"https:\/\/www.saegenvier.at\/en\/wp-json\/wp\/v2\/posts"}],"about":[{"href":"https:\/\/www.saegenvier.at\/en\/wp-json\/wp\/v2\/types\/post"}],"author":[{"embeddable":true,"href":"https:\/\/www.saegenvier.at\/en\/wp-json\/wp\/v2\/users\/1"}],"replies":[{"embeddable":true,"href":"https:\/\/www.saegenvier.at\/en\/wp-json\/wp\/v2\/comments?post=30377"}],"version-history":[{"count":0,"href":"https:\/\/www.saegenvier.at\/en\/wp-json\/wp\/v2\/posts\/30377\/revisions"}],"wp:attachment":[{"href":"https:\/\/www.saegenvier.at\/en\/wp-json\/wp\/v2\/media?parent=30377"}],"wp:term":[{"taxonomy":"category","embeddable":true,"href":"https:\/\/www.saegenvier.at\/en\/wp-json\/wp\/v2\/categories?post=30377"},{"taxonomy":"post_tag","embeddable":true,"href":"https:\/\/www.saegenvier.at\/en\/wp-json\/wp\/v2\/tags?post=30377"}],"curies":[{"name":"wp","href":"https:\/\/api.w.org\/{rel}","templated":true}]}}