{"id":30379,"date":"2022-08-09T20:27:53","date_gmt":"2022-08-09T18:27:53","guid":{"rendered":"https:\/\/www.saegenvier.at\/vmobil"},"modified":"2022-08-24T13:43:39","modified_gmt":"2022-08-24T11:43:39","slug":"vmobil","status":"publish","type":"post","link":"https:\/\/www.saegenvier.at\/en\/vmobil","title":{"rendered":"VMOBIL"},"content":{"rendered":"<p>Nach vielen Jahren und immer wieder erneuten Phasen der Zusammenarbeit f\u00fcr die Alternative Mobilit\u00e4t &#8211; f\u00fcr den Verkehrsverbund Vorarlberg konnten wir uns beim Wettbewerb f\u00fcr die weiteren Jahre leider nicht mehr durchsetzen. Aber wir sind stolz darauf, die Marke VMOBIL f\u00fcr s\u00e4mtliche Fortbewegungs- und Kommunikationsmittel als Basis gestaltet und konzepiert zu haben und sind gepannt auf die Ergebnisse unserer Kolleg*innen. Danke an alle Beteiligten f\u00fcr die tolle Zusammenarbeit.<\/p>\n","protected":false},"excerpt":{"rendered":"<p>Nach vielen Jahren und immer wieder erneuten Phasen der Zusammenarbeit f\u00fcr die Alternative Mobilit\u00e4t &#8211; f\u00fcr den Verkehrsverbund Vorarlberg konnten wir uns beim Wettbewerb f\u00fcr die weiteren Jahre leider nicht mehr durchsetzen. Aber wir sind stolz darauf, die Marke VMOBIL f\u00fcr s\u00e4mtliche Fortbewegungs- und Kommunikationsmittel als Basis gestaltet und konzepiert zu haben und sind gepannt [&hellip;]<\/p>\n","protected":false},"author":1,"featured_media":0,"comment_status":"closed","ping_status":"closed","sticky":false,"template":"","format":"standard","meta":{"footnotes":""},"categories":[593,594,609],"tags":[],"class_list":["post-30379","post","type-post","status-publish","format-standard","hentry","category-corporate-designbrand","category-designkommunikation-en","category-work"],"_links":{"self":[{"href":"https:\/\/www.saegenvier.at\/en\/wp-json\/wp\/v2\/posts\/30379","targetHints":{"allow":["GET"]}}],"collection":[{"href":"https:\/\/www.saegenvier.at\/en\/wp-json\/wp\/v2\/posts"}],"about":[{"href":"https:\/\/www.saegenvier.at\/en\/wp-json\/wp\/v2\/types\/post"}],"author":[{"embeddable":true,"href":"https:\/\/www.saegenvier.at\/en\/wp-json\/wp\/v2\/users\/1"}],"replies":[{"embeddable":true,"href":"https:\/\/www.saegenvier.at\/en\/wp-json\/wp\/v2\/comments?post=30379"}],"version-history":[{"count":0,"href":"https:\/\/www.saegenvier.at\/en\/wp-json\/wp\/v2\/posts\/30379\/revisions"}],"wp:attachment":[{"href":"https:\/\/www.saegenvier.at\/en\/wp-json\/wp\/v2\/media?parent=30379"}],"wp:term":[{"taxonomy":"category","embeddable":true,"href":"https:\/\/www.saegenvier.at\/en\/wp-json\/wp\/v2\/categories?post=30379"},{"taxonomy":"post_tag","embeddable":true,"href":"https:\/\/www.saegenvier.at\/en\/wp-json\/wp\/v2\/tags?post=30379"}],"curies":[{"name":"wp","href":"https:\/\/api.w.org\/{rel}","templated":true}]}}