{"id":30383,"date":"2022-08-09T20:15:52","date_gmt":"2022-08-09T18:15:52","guid":{"rendered":"https:\/\/www.saegenvier.at\/kaputtin"},"modified":"2022-08-10T10:15:03","modified_gmt":"2022-08-10T08:15:03","slug":"kaputtin","status":"publish","type":"post","link":"https:\/\/www.saegenvier.at\/en\/kaputtin","title":{"rendered":"KAPUTTIN"},"content":{"rendered":"<p>Elias und ich haben dieses Plakatsujet rasch nach dem Angriffskriegsausbruch gestaltet. Ich habe mir l\u00e4nger \u00fcberlegt, ob wir uns dies trauen zu ver\u00f6ffentlichen. Ich denke &#8211; JA! Ist eine kleine M\u00f6glichkeit f\u00fcr uns Gestalter*innen, auf Themen zu reagieren. \u00dcbrigens ist das Wort Kapputin kein Aufruf Herrn Wladimir Putin kaputt zu machen, sondern unsere Meinung, da\u00df es in seinem Kopf doch einiges zu reparieren g\u00e4be &#8211; wenn dies \u00fcberhaupt noch m\u00f6glich ist. Solche Botschaften sind \u00fcbrigens auch an alle anderen Hitzk\u00f6pfe und totalit\u00e4ren Machthaber der Weltpolitik gerichtet. Wir hoffen, da\u00df die Wahnsinne in Europa und auch in der ganzen Welt ein baldiges Ende nehmen.<\/p>\n","protected":false},"excerpt":{"rendered":"<p>Elias und ich haben dieses Plakatsujet rasch nach dem Angriffskriegsausbruch gestaltet. Ich habe mir l\u00e4nger \u00fcberlegt, ob wir uns dies trauen zu ver\u00f6ffentlichen. Ich denke &#8211; JA! Ist eine kleine M\u00f6glichkeit f\u00fcr uns Gestalter*innen, auf Themen zu reagieren. \u00dcbrigens ist das Wort Kapputin kein Aufruf Herrn Wladimir Putin kaputt zu machen, sondern unsere Meinung, da\u00df [&hellip;]<\/p>\n","protected":false},"author":1,"featured_media":30310,"comment_status":"closed","ping_status":"closed","sticky":false,"template":"","format":"standard","meta":{"footnotes":""},"categories":[608,600,609],"tags":[],"class_list":["post-30383","post","type-post","status-publish","format-standard","has-post-thumbnail","hentry","category-around-us","category-posters","category-work"],"_links":{"self":[{"href":"https:\/\/www.saegenvier.at\/en\/wp-json\/wp\/v2\/posts\/30383","targetHints":{"allow":["GET"]}}],"collection":[{"href":"https:\/\/www.saegenvier.at\/en\/wp-json\/wp\/v2\/posts"}],"about":[{"href":"https:\/\/www.saegenvier.at\/en\/wp-json\/wp\/v2\/types\/post"}],"author":[{"embeddable":true,"href":"https:\/\/www.saegenvier.at\/en\/wp-json\/wp\/v2\/users\/1"}],"replies":[{"embeddable":true,"href":"https:\/\/www.saegenvier.at\/en\/wp-json\/wp\/v2\/comments?post=30383"}],"version-history":[{"count":0,"href":"https:\/\/www.saegenvier.at\/en\/wp-json\/wp\/v2\/posts\/30383\/revisions"}],"wp:featuredmedia":[{"embeddable":true,"href":"https:\/\/www.saegenvier.at\/en\/wp-json\/wp\/v2\/media\/30310"}],"wp:attachment":[{"href":"https:\/\/www.saegenvier.at\/en\/wp-json\/wp\/v2\/media?parent=30383"}],"wp:term":[{"taxonomy":"category","embeddable":true,"href":"https:\/\/www.saegenvier.at\/en\/wp-json\/wp\/v2\/categories?post=30383"},{"taxonomy":"post_tag","embeddable":true,"href":"https:\/\/www.saegenvier.at\/en\/wp-json\/wp\/v2\/tags?post=30383"}],"curies":[{"name":"wp","href":"https:\/\/api.w.org\/{rel}","templated":true}]}}