{"id":30632,"date":"2022-11-15T20:00:22","date_gmt":"2022-11-15T18:00:22","guid":{"rendered":"https:\/\/www.saegenvier.at\/temel-gebaeudekennzeichnung"},"modified":"2022-11-16T10:54:05","modified_gmt":"2022-11-16T08:54:05","slug":"temel-gebaeudekennzeichnung","status":"publish","type":"post","link":"https:\/\/www.saegenvier.at\/en\/temel-gebaeudekennzeichnung","title":{"rendered":"Temel Geb\u00e4udekennzeichnung"},"content":{"rendered":"<p>Dies sieht schon fast aus, wie in Las Vegas. Bei einer so befahrenen Stra\u00dfe darf es auch mal lauter wirken, wobei die Farben nur tempor\u00e4r f\u00fcr besondere Anl\u00e4sse eingesetzt werden. Sonst leuchtet die Fassade in schlichter Ausstrahlung. Wir durften anl\u00e4sslich des Neubaues auch das gesamte Corporate Design neu gestalten. Danke an die Familie Temel f\u00fcr die Beauftragung und danke an Benjamin Midl f\u00fcr die Elektroinstallation und an die Schlosserei Kalb f\u00fcr die Buchstabenmontage.<\/p>\n","protected":false},"excerpt":{"rendered":"<p>Dies sieht schon fast aus, wie in Las Vegas. Bei einer so befahrenen Stra\u00dfe darf es auch mal lauter wirken, wobei die Farben nur tempor\u00e4r f\u00fcr besondere Anl\u00e4sse eingesetzt werden. Sonst leuchtet die Fassade in schlichter Ausstrahlung. Wir durften anl\u00e4sslich des Neubaues auch das gesamte Corporate Design neu gestalten. Danke an die Familie Temel f\u00fcr [&hellip;]<\/p>\n","protected":false},"author":1,"featured_media":30628,"comment_status":"closed","ping_status":"closed","sticky":false,"template":"","format":"standard","meta":{"footnotes":""},"categories":[601,609],"tags":[],"class_list":["post-30632","post","type-post","status-publish","format-standard","has-post-thumbnail","hentry","category-signage-scenography","category-work"],"_links":{"self":[{"href":"https:\/\/www.saegenvier.at\/en\/wp-json\/wp\/v2\/posts\/30632","targetHints":{"allow":["GET"]}}],"collection":[{"href":"https:\/\/www.saegenvier.at\/en\/wp-json\/wp\/v2\/posts"}],"about":[{"href":"https:\/\/www.saegenvier.at\/en\/wp-json\/wp\/v2\/types\/post"}],"author":[{"embeddable":true,"href":"https:\/\/www.saegenvier.at\/en\/wp-json\/wp\/v2\/users\/1"}],"replies":[{"embeddable":true,"href":"https:\/\/www.saegenvier.at\/en\/wp-json\/wp\/v2\/comments?post=30632"}],"version-history":[{"count":0,"href":"https:\/\/www.saegenvier.at\/en\/wp-json\/wp\/v2\/posts\/30632\/revisions"}],"wp:featuredmedia":[{"embeddable":true,"href":"https:\/\/www.saegenvier.at\/en\/wp-json\/wp\/v2\/media\/30628"}],"wp:attachment":[{"href":"https:\/\/www.saegenvier.at\/en\/wp-json\/wp\/v2\/media?parent=30632"}],"wp:term":[{"taxonomy":"category","embeddable":true,"href":"https:\/\/www.saegenvier.at\/en\/wp-json\/wp\/v2\/categories?post=30632"},{"taxonomy":"post_tag","embeddable":true,"href":"https:\/\/www.saegenvier.at\/en\/wp-json\/wp\/v2\/tags?post=30632"}],"curies":[{"name":"wp","href":"https:\/\/api.w.org\/{rel}","templated":true}]}}