{"id":31187,"date":"2023-04-12T19:00:56","date_gmt":"2023-04-12T17:00:56","guid":{"rendered":"https:\/\/www.saegenvier.at\/schafbergbahn-salzburg-2"},"modified":"2023-04-13T16:31:30","modified_gmt":"2023-04-13T14:31:30","slug":"schafbergbahn-salzburg-2","status":"publish","type":"post","link":"https:\/\/www.saegenvier.at\/en\/schafbergbahn-salzburg-2","title":{"rendered":"Schafbergbahn Salzburg"},"content":{"rendered":"<p>\u00dcbern\u00e4chste Woche wird die neue Talstation der Schafberbahn in Salzburg am Wolfgangsee er\u00f6ffnet. Spannend &#8211; bald ist alles zeitgerecht und wunderbar fertig gestellt. Danke an Tim Siegel, Elias Riedmann, Nico Pritzl, Erwin Kamoglu und Viktor \u00d6lz aus der S\u00e4ge und danke an alle ausf\u00fchrenden Firmen, die uns pr\u00e4chtig unterst\u00fctzt haben, unsere Ideen und Planungen umzusetzen. Vorneweg S9 Beschriftung und Druck, Dornbirn, Visionwork Mediaplanung, Nenzing, Wohlgenannt Raumausstattung Dornbirn und nat\u00fcrlich alle, die vor Ort beauftragt und die Dinge auf der Baustelle so super bearbeitet haben. Und nicht zuletzt dunkelschwarz Architekten f\u00fcr die so f\u00f6rderliche Zusammenarbeit und Gestaltungsfreude und total nicht zuletzt den Auftraggeber*innen f\u00fcr das super Vertrauen und die Geduld und alles und \u00fcberhaupt. Wir freuen uns auf die Er\u00f6ffnung und auf das Go Live der R\u00e4ume. Und danke auch an Martin Beck f\u00fcr die Starthilfe und die Grundlagenplanung der Medien etc.<\/p>\n","protected":false},"excerpt":{"rendered":"<p>\u00dcbern\u00e4chste Woche wird die neue Talstation der Schafberbahn in Salzburg am Wolfgangsee er\u00f6ffnet. Spannend &#8211; bald ist alles zeitgerecht und wunderbar fertig gestellt. Danke an Tim Siegel, Elias Riedmann, Nico Pritzl, Erwin Kamoglu und Viktor \u00d6lz aus der S\u00e4ge und danke an alle ausf\u00fchrenden Firmen, die uns pr\u00e4chtig unterst\u00fctzt haben, unsere Ideen und Planungen umzusetzen. [&hellip;]<\/p>\n","protected":false},"author":1,"featured_media":0,"comment_status":"closed","ping_status":"closed","sticky":false,"template":"","format":"standard","meta":{"footnotes":""},"categories":[593,594,601,609],"tags":[],"class_list":["post-31187","post","type-post","status-publish","format-standard","hentry","category-corporate-designbrand","category-designkommunikation-en","category-signage-scenography","category-work"],"_links":{"self":[{"href":"https:\/\/www.saegenvier.at\/en\/wp-json\/wp\/v2\/posts\/31187","targetHints":{"allow":["GET"]}}],"collection":[{"href":"https:\/\/www.saegenvier.at\/en\/wp-json\/wp\/v2\/posts"}],"about":[{"href":"https:\/\/www.saegenvier.at\/en\/wp-json\/wp\/v2\/types\/post"}],"author":[{"embeddable":true,"href":"https:\/\/www.saegenvier.at\/en\/wp-json\/wp\/v2\/users\/1"}],"replies":[{"embeddable":true,"href":"https:\/\/www.saegenvier.at\/en\/wp-json\/wp\/v2\/comments?post=31187"}],"version-history":[{"count":0,"href":"https:\/\/www.saegenvier.at\/en\/wp-json\/wp\/v2\/posts\/31187\/revisions"}],"wp:attachment":[{"href":"https:\/\/www.saegenvier.at\/en\/wp-json\/wp\/v2\/media?parent=31187"}],"wp:term":[{"taxonomy":"category","embeddable":true,"href":"https:\/\/www.saegenvier.at\/en\/wp-json\/wp\/v2\/categories?post=31187"},{"taxonomy":"post_tag","embeddable":true,"href":"https:\/\/www.saegenvier.at\/en\/wp-json\/wp\/v2\/tags?post=31187"}],"curies":[{"name":"wp","href":"https:\/\/api.w.org\/{rel}","templated":true}]}}