{"id":31538,"date":"2023-06-15T08:39:31","date_gmt":"2023-06-15T06:39:31","guid":{"rendered":"https:\/\/www.saegenvier.at\/vorarlberg-museum-3"},"modified":"2023-06-15T08:43:35","modified_gmt":"2023-06-15T06:43:35","slug":"vorarlberg-museum-3","status":"publish","type":"post","link":"https:\/\/www.saegenvier.at\/en\/vorarlberg-museum-3","title":{"rendered":"vorarlberg museum"},"content":{"rendered":"<p>Jetzt d\u00fcrfen wir &#8211; nein m\u00fcssen wir es verk\u00fcnden. Nach \u00fcber 10 Jahren der Zusammenarbeit \u00fcbergeben wir die Agenden der Gestaltung an die neue Konstellation. Wir durften mit Stefan Sagmeister zusammen sein Corporate Design weiterentwickeln und von der Er\u00f6ffnung bis heute die Kommunikationsmittel des vorarlberg museum gestalten. Auch die Signaletik, die bis heute leuchtet stammt aus unseren Federn. Es haben so viele tolle Menschen bei uns intern als auch bei unseren Auftraggeber*innen zu diesen wundersch\u00f6nen Arbeiten gef\u00fchrt. Auch die Auseinandersetzung mit den Kurator*innen und den Ausstellenden haben uns stets befl\u00fcgelt und auf Trab gehalten. Wir schauen mit gro\u00dfem Stolz und sehr viel Dankbarkeit auf die vergangenen Jahre zur\u00fcck. Ab jetzt ist es auch eine der Geschichten in der Geschichte. Viel Freude und Erfolg und ein riesiges Danke an alle Beteiligten.<\/p>\n","protected":false},"excerpt":{"rendered":"<p>Jetzt d\u00fcrfen wir &#8211; nein m\u00fcssen wir es verk\u00fcnden. Nach \u00fcber 10 Jahren der Zusammenarbeit \u00fcbergeben wir die Agenden der Gestaltung an die neue Konstellation. Wir durften mit Stefan Sagmeister zusammen sein Corporate Design weiterentwickeln und von der Er\u00f6ffnung bis heute die Kommunikationsmittel des vorarlberg museum gestalten. Auch die Signaletik, die bis heute leuchtet stammt [&hellip;]<\/p>\n","protected":false},"author":1,"featured_media":0,"comment_status":"closed","ping_status":"closed","sticky":false,"template":"","format":"standard","meta":{"footnotes":""},"categories":[608,605,599,593,594,606,598,592,600,607,601,604,609],"tags":[],"class_list":["post-31538","post","type-post","status-publish","format-standard","hentry","category-around-us","category-awards","category-campaigns","category-corporate-designbrand","category-designkommunikation-en","category-education","category-illustration-en","category-moving-images","category-posters","category-publication","category-signage-scenography","category-web-en","category-work"],"_links":{"self":[{"href":"https:\/\/www.saegenvier.at\/en\/wp-json\/wp\/v2\/posts\/31538","targetHints":{"allow":["GET"]}}],"collection":[{"href":"https:\/\/www.saegenvier.at\/en\/wp-json\/wp\/v2\/posts"}],"about":[{"href":"https:\/\/www.saegenvier.at\/en\/wp-json\/wp\/v2\/types\/post"}],"author":[{"embeddable":true,"href":"https:\/\/www.saegenvier.at\/en\/wp-json\/wp\/v2\/users\/1"}],"replies":[{"embeddable":true,"href":"https:\/\/www.saegenvier.at\/en\/wp-json\/wp\/v2\/comments?post=31538"}],"version-history":[{"count":0,"href":"https:\/\/www.saegenvier.at\/en\/wp-json\/wp\/v2\/posts\/31538\/revisions"}],"wp:attachment":[{"href":"https:\/\/www.saegenvier.at\/en\/wp-json\/wp\/v2\/media?parent=31538"}],"wp:term":[{"taxonomy":"category","embeddable":true,"href":"https:\/\/www.saegenvier.at\/en\/wp-json\/wp\/v2\/categories?post=31538"},{"taxonomy":"post_tag","embeddable":true,"href":"https:\/\/www.saegenvier.at\/en\/wp-json\/wp\/v2\/tags?post=31538"}],"curies":[{"name":"wp","href":"https:\/\/api.w.org\/{rel}","templated":true}]}}