{"id":32321,"date":"2023-12-04T16:22:46","date_gmt":"2023-12-04T14:22:46","guid":{"rendered":"https:\/\/www.saegenvier.at\/benka"},"modified":"2024-01-03T15:40:51","modified_gmt":"2024-01-03T13:40:51","slug":"benka","status":"publish","type":"post","link":"https:\/\/www.saegenvier.at\/en\/benka","title":{"rendered":"benka"},"content":{"rendered":"<p>benka \u2013 Verm\u00f6gen zusammendenken. Wir freuen uns hierf\u00fcr das Corporate Design und Wording entwickeln zu d\u00fcrfen. Die Visitenkarte ist eine kleine Vorschau auf das Ganze. Umweltfreundlich gedruckt mit pflanzen\u00f6lbasierten Risofarben von <a href=\"https:\/\/www.drucken3000.de\">@drucken3000<\/a>.<\/p>\n","protected":false},"excerpt":{"rendered":"<p>benka \u2013 Verm\u00f6gen zusammendenken. Wir freuen uns hierf\u00fcr das Corporate Design und Wording entwickeln zu d\u00fcrfen. Die Visitenkarte ist eine kleine Vorschau auf das Ganze. Umweltfreundlich gedruckt mit pflanzen\u00f6lbasierten Risofarben von @drucken3000.<\/p>\n","protected":false},"author":12,"featured_media":0,"comment_status":"closed","ping_status":"closed","sticky":false,"template":"","format":"standard","meta":{"footnotes":""},"categories":[593,609],"tags":[],"class_list":["post-32321","post","type-post","status-publish","format-standard","hentry","category-corporate-designbrand","category-work"],"_links":{"self":[{"href":"https:\/\/www.saegenvier.at\/en\/wp-json\/wp\/v2\/posts\/32321","targetHints":{"allow":["GET"]}}],"collection":[{"href":"https:\/\/www.saegenvier.at\/en\/wp-json\/wp\/v2\/posts"}],"about":[{"href":"https:\/\/www.saegenvier.at\/en\/wp-json\/wp\/v2\/types\/post"}],"author":[{"embeddable":true,"href":"https:\/\/www.saegenvier.at\/en\/wp-json\/wp\/v2\/users\/12"}],"replies":[{"embeddable":true,"href":"https:\/\/www.saegenvier.at\/en\/wp-json\/wp\/v2\/comments?post=32321"}],"version-history":[{"count":0,"href":"https:\/\/www.saegenvier.at\/en\/wp-json\/wp\/v2\/posts\/32321\/revisions"}],"wp:attachment":[{"href":"https:\/\/www.saegenvier.at\/en\/wp-json\/wp\/v2\/media?parent=32321"}],"wp:term":[{"taxonomy":"category","embeddable":true,"href":"https:\/\/www.saegenvier.at\/en\/wp-json\/wp\/v2\/categories?post=32321"},{"taxonomy":"post_tag","embeddable":true,"href":"https:\/\/www.saegenvier.at\/en\/wp-json\/wp\/v2\/tags?post=32321"}],"curies":[{"name":"wp","href":"https:\/\/api.w.org\/{rel}","templated":true}]}}