{"id":32347,"date":"2023-12-21T20:06:10","date_gmt":"2023-12-21T18:06:10","guid":{"rendered":"https:\/\/www.saegenvier.at\/opus-g"},"modified":"2024-01-03T16:17:02","modified_gmt":"2024-01-03T14:17:02","slug":"opus-g","status":"publish","type":"post","link":"https:\/\/www.saegenvier.at\/en\/opus-g","title":{"rendered":"Opus G"},"content":{"rendered":"<p>Ja! A bisserl was d\u00fcrfen wir jetzt zeigen. Das Manual f\u00fcr die Umsetzungen steht kurz vor Finalisierung. Kr\u00e4mmel Bau errichtet in Geretsried eine riesengro\u00dfe Wohnanlage mit d\u00f6rflicher Infrastruktur. Es gibt Eigentumswohnungen, Mietwohnungen, Mietwohnungen mit Sozialunterst\u00fctzung und Co-Working Spaces &#8211; alles auf einem wundersch\u00f6n gelegenen Gel\u00e4nde und ein Ort zum Leben und Arbeiten und aufwachsen&#8230; Wir d\u00fcrfen durch diese Gel\u00e4nde f\u00fchren helfen. Lisa Fink und Tina Rhomberg leisten hier grandiose Gestaltungsarbeit. Wir sind gespannt auf die ersten Anwendungen und Umsetzungen. Mit den Architekten Herrmann und Bosch aus Stuttgart und den super Leuten von Kr\u00e4mmel Bau l\u00e4sst es sich wunderbar zusammenarbeiten. Danke allen Beteiligten.<\/p>\n","protected":false},"excerpt":{"rendered":"<p>Ja! A bisserl was d\u00fcrfen wir jetzt zeigen. Das Manual f\u00fcr die Umsetzungen steht kurz vor Finalisierung. Kr\u00e4mmel Bau errichtet in Geretsried eine riesengro\u00dfe Wohnanlage mit d\u00f6rflicher Infrastruktur. Es gibt Eigentumswohnungen, Mietwohnungen, Mietwohnungen mit Sozialunterst\u00fctzung und Co-Working Spaces &#8211; alles auf einem wundersch\u00f6n gelegenen Gel\u00e4nde und ein Ort zum Leben und Arbeiten und aufwachsen&#8230; Wir [&hellip;]<\/p>\n","protected":false},"author":2,"featured_media":0,"comment_status":"closed","ping_status":"closed","sticky":false,"template":"","format":"standard","meta":{"footnotes":""},"categories":[601,609],"tags":[],"class_list":["post-32347","post","type-post","status-publish","format-standard","hentry","category-signage-scenography","category-work"],"_links":{"self":[{"href":"https:\/\/www.saegenvier.at\/en\/wp-json\/wp\/v2\/posts\/32347","targetHints":{"allow":["GET"]}}],"collection":[{"href":"https:\/\/www.saegenvier.at\/en\/wp-json\/wp\/v2\/posts"}],"about":[{"href":"https:\/\/www.saegenvier.at\/en\/wp-json\/wp\/v2\/types\/post"}],"author":[{"embeddable":true,"href":"https:\/\/www.saegenvier.at\/en\/wp-json\/wp\/v2\/users\/2"}],"replies":[{"embeddable":true,"href":"https:\/\/www.saegenvier.at\/en\/wp-json\/wp\/v2\/comments?post=32347"}],"version-history":[{"count":0,"href":"https:\/\/www.saegenvier.at\/en\/wp-json\/wp\/v2\/posts\/32347\/revisions"}],"wp:attachment":[{"href":"https:\/\/www.saegenvier.at\/en\/wp-json\/wp\/v2\/media?parent=32347"}],"wp:term":[{"taxonomy":"category","embeddable":true,"href":"https:\/\/www.saegenvier.at\/en\/wp-json\/wp\/v2\/categories?post=32347"},{"taxonomy":"post_tag","embeddable":true,"href":"https:\/\/www.saegenvier.at\/en\/wp-json\/wp\/v2\/tags?post=32347"}],"curies":[{"name":"wp","href":"https:\/\/api.w.org\/{rel}","templated":true}]}}