{"id":32386,"date":"2024-01-12T11:22:53","date_gmt":"2024-01-12T09:22:53","guid":{"rendered":"https:\/\/www.saegenvier.at\/wer-weiss-was-2024-bringt-fragen-wir-doch-mal-die-ki"},"modified":"2024-01-15T16:16:58","modified_gmt":"2024-01-15T14:16:58","slug":"wer-weiss-was-2024-bringt-fragen-wir-doch-mal-die-ki","status":"publish","type":"post","link":"https:\/\/www.saegenvier.at\/en\/wer-weiss-was-2024-bringt-fragen-wir-doch-mal-die-ki","title":{"rendered":"Wer wei\u00df, was 2024 bringt? Fragen wir doch mal die KI!"},"content":{"rendered":"<p><b>Wir w\u00fcnschen euch ein gutes Neues, nein ein besseres Jahr 2024!<\/b><\/p>\n<p>Wir haben einige unserer W\u00fcnsche in das weltweit digitale Sammelhirn geschrieben und gestaunt, was uns da an Weisheiten und Antworten geliefert wurden.\u00a0Jedenfalls w\u00fcnschen wir euch und uns\u00a0viel Herz und Verstand, damit die W\u00fcnsche und Bed\u00fcrfnisse so mitmenschen\u00ad-, tier- und umwelt\u00adschonend wie m\u00f6glich in Erf\u00fcllung gehen m\u00f6gen.<\/p>\n<p>Viele Gr\u00fc\u00dfe aus der S\u00e4ge<br \/>\nAnnerose, Elias, Leonie, Lisa, Lucas, Nico, Sophia, Tim, Tina, Sigi und Viktor\u00a0&#8211; und Conny, Ewald und Hermann.<\/p>\n","protected":false},"excerpt":{"rendered":"<p>Wir w\u00fcnschen euch ein gutes Neues, nein ein besseres Jahr 2024! Wir haben einige unserer W\u00fcnsche in das weltweit digitale Sammelhirn geschrieben und gestaunt, was uns da an Weisheiten und Antworten geliefert wurden.\u00a0Jedenfalls w\u00fcnschen wir euch und uns\u00a0viel Herz und Verstand, damit die W\u00fcnsche und Bed\u00fcrfnisse so mitmenschen\u00ad-, tier- und umwelt\u00adschonend wie m\u00f6glich in Erf\u00fcllung [&hellip;]<\/p>\n","protected":false},"author":12,"featured_media":32359,"comment_status":"closed","ping_status":"closed","sticky":false,"template":"","format":"standard","meta":{"footnotes":""},"categories":[],"tags":[],"class_list":["post-32386","post","type-post","status-publish","format-standard","has-post-thumbnail","hentry"],"_links":{"self":[{"href":"https:\/\/www.saegenvier.at\/en\/wp-json\/wp\/v2\/posts\/32386","targetHints":{"allow":["GET"]}}],"collection":[{"href":"https:\/\/www.saegenvier.at\/en\/wp-json\/wp\/v2\/posts"}],"about":[{"href":"https:\/\/www.saegenvier.at\/en\/wp-json\/wp\/v2\/types\/post"}],"author":[{"embeddable":true,"href":"https:\/\/www.saegenvier.at\/en\/wp-json\/wp\/v2\/users\/12"}],"replies":[{"embeddable":true,"href":"https:\/\/www.saegenvier.at\/en\/wp-json\/wp\/v2\/comments?post=32386"}],"version-history":[{"count":0,"href":"https:\/\/www.saegenvier.at\/en\/wp-json\/wp\/v2\/posts\/32386\/revisions"}],"wp:featuredmedia":[{"embeddable":true,"href":"https:\/\/www.saegenvier.at\/en\/wp-json\/wp\/v2\/media\/32359"}],"wp:attachment":[{"href":"https:\/\/www.saegenvier.at\/en\/wp-json\/wp\/v2\/media?parent=32386"}],"wp:term":[{"taxonomy":"category","embeddable":true,"href":"https:\/\/www.saegenvier.at\/en\/wp-json\/wp\/v2\/categories?post=32386"},{"taxonomy":"post_tag","embeddable":true,"href":"https:\/\/www.saegenvier.at\/en\/wp-json\/wp\/v2\/tags?post=32386"}],"curies":[{"name":"wp","href":"https:\/\/api.w.org\/{rel}","templated":true}]}}