{"id":32614,"date":"2024-03-20T16:37:42","date_gmt":"2024-03-20T14:37:42","guid":{"rendered":"https:\/\/www.saegenvier.at\/bregenzer-festspiele"},"modified":"2024-03-22T10:32:39","modified_gmt":"2024-03-22T08:32:39","slug":"bregenzer-festspiele","status":"publish","type":"post","link":"https:\/\/www.saegenvier.at\/en\/bregenzer-festspiele","title":{"rendered":"Bregenzer Festspiele"},"content":{"rendered":"<p>Nach fast 38 Jahren selbstst\u00e4ndigem Gestalten wurden wir zum Wettbewerb f\u00fcr die neue Kommunikation ab 2025 eingeladen. Es waren insgesamt 5 Vorarlberger B\u00fcros und eines aus Stuttgart eingeladen. Der Auftrag geht nach Stuttgart. Wir gratulieren und sind gespannt, was das Neue bringen wird. Die Einladung und die Arbeit hat uns sehr gro\u00dfe Freude gemacht. Danke f\u00fcr das wertsch\u00e4tzende Feedback.<\/p>\n","protected":false},"excerpt":{"rendered":"<p>Nach fast 38 Jahren selbstst\u00e4ndigem Gestalten wurden wir zum Wettbewerb f\u00fcr die neue Kommunikation ab 2025 eingeladen. Es waren insgesamt 5 Vorarlberger B\u00fcros und eines aus Stuttgart eingeladen. Der Auftrag geht nach Stuttgart. Wir gratulieren und sind gespannt, was das Neue bringen wird. Die Einladung und die Arbeit hat uns sehr gro\u00dfe Freude gemacht. Danke [&hellip;]<\/p>\n","protected":false},"author":12,"featured_media":0,"comment_status":"closed","ping_status":"closed","sticky":false,"template":"","format":"standard","meta":{"footnotes":""},"categories":[593,594,596,595,598,600,604,609],"tags":[],"class_list":["post-32614","post","type-post","status-publish","format-standard","hentry","category-corporate-designbrand","category-designkommunikation-en","category-drafts-competitions","category-editorial-en","category-illustration-en","category-posters","category-web-en","category-work"],"_links":{"self":[{"href":"https:\/\/www.saegenvier.at\/en\/wp-json\/wp\/v2\/posts\/32614","targetHints":{"allow":["GET"]}}],"collection":[{"href":"https:\/\/www.saegenvier.at\/en\/wp-json\/wp\/v2\/posts"}],"about":[{"href":"https:\/\/www.saegenvier.at\/en\/wp-json\/wp\/v2\/types\/post"}],"author":[{"embeddable":true,"href":"https:\/\/www.saegenvier.at\/en\/wp-json\/wp\/v2\/users\/12"}],"replies":[{"embeddable":true,"href":"https:\/\/www.saegenvier.at\/en\/wp-json\/wp\/v2\/comments?post=32614"}],"version-history":[{"count":0,"href":"https:\/\/www.saegenvier.at\/en\/wp-json\/wp\/v2\/posts\/32614\/revisions"}],"wp:attachment":[{"href":"https:\/\/www.saegenvier.at\/en\/wp-json\/wp\/v2\/media?parent=32614"}],"wp:term":[{"taxonomy":"category","embeddable":true,"href":"https:\/\/www.saegenvier.at\/en\/wp-json\/wp\/v2\/categories?post=32614"},{"taxonomy":"post_tag","embeddable":true,"href":"https:\/\/www.saegenvier.at\/en\/wp-json\/wp\/v2\/tags?post=32614"}],"curies":[{"name":"wp","href":"https:\/\/api.w.org\/{rel}","templated":true}]}}