{"id":33335,"date":"2024-10-28T19:21:08","date_gmt":"2024-10-28T17:21:08","guid":{"rendered":"https:\/\/www.saegenvier.at\/land-vorarlberg-wohnbau-foerderung"},"modified":"2024-11-21T15:39:09","modified_gmt":"2024-11-21T13:39:09","slug":"land-vorarlberg-wohnbau-foerderung","status":"publish","type":"post","link":"https:\/\/www.saegenvier.at\/en\/land-vorarlberg-wohnbau-foerderung","title":{"rendered":"Land Vorarlberg Wohnbau-F\u00f6rderung"},"content":{"rendered":"<p>Wieder mal eine Kampagne zu gestalten &#8211; hat viel Freude gemacht. Vor allem das Thema hat uns interessiert- sind doch alle 4 unserer Kinder genau wie soviele junge Leute \u2013 in der Situation, dass eine Finanzierung der eigenen 4 W\u00e4nde immer schwieriger wird. Die Mietkosten sind ebenfalls leider explodiert. Wir durften mit dem Gesamterscheinungsbild der Landesregierung relativ frei umgehen und daf\u00fcr danken wir recht herzlich. Danke auch an Darko Todorovic f\u00fcr die liebevollen Portraits und vor allem an die Leute, die sich zur Verf\u00fcgung gestellt haben. Gute Gestaltung f\u00fcr eine gute Sache. Ich hoffe, es wird noch an mehr Unterst\u00fctzung und M\u00f6glichkeiten gearbeitet und Wohnraum wird wieder erschwinglicher.<\/p>\n","protected":false},"excerpt":{"rendered":"<p>Wieder mal eine Kampagne zu gestalten &#8211; hat viel Freude gemacht. Vor allem das Thema hat uns interessiert- sind doch alle 4 unserer Kinder genau wie soviele junge Leute \u2013 in der Situation, dass eine Finanzierung der eigenen 4 W\u00e4nde immer schwieriger wird. Die Mietkosten sind ebenfalls leider explodiert. Wir durften mit dem Gesamterscheinungsbild der [&hellip;]<\/p>\n","protected":false},"author":12,"featured_media":0,"comment_status":"closed","ping_status":"closed","sticky":false,"template":"","format":"standard","meta":{"footnotes":""},"categories":[599,594,600,609],"tags":[],"class_list":["post-33335","post","type-post","status-publish","format-standard","hentry","category-campaigns","category-designkommunikation-en","category-posters","category-work"],"_links":{"self":[{"href":"https:\/\/www.saegenvier.at\/en\/wp-json\/wp\/v2\/posts\/33335","targetHints":{"allow":["GET"]}}],"collection":[{"href":"https:\/\/www.saegenvier.at\/en\/wp-json\/wp\/v2\/posts"}],"about":[{"href":"https:\/\/www.saegenvier.at\/en\/wp-json\/wp\/v2\/types\/post"}],"author":[{"embeddable":true,"href":"https:\/\/www.saegenvier.at\/en\/wp-json\/wp\/v2\/users\/12"}],"replies":[{"embeddable":true,"href":"https:\/\/www.saegenvier.at\/en\/wp-json\/wp\/v2\/comments?post=33335"}],"version-history":[{"count":0,"href":"https:\/\/www.saegenvier.at\/en\/wp-json\/wp\/v2\/posts\/33335\/revisions"}],"wp:attachment":[{"href":"https:\/\/www.saegenvier.at\/en\/wp-json\/wp\/v2\/media?parent=33335"}],"wp:term":[{"taxonomy":"category","embeddable":true,"href":"https:\/\/www.saegenvier.at\/en\/wp-json\/wp\/v2\/categories?post=33335"},{"taxonomy":"post_tag","embeddable":true,"href":"https:\/\/www.saegenvier.at\/en\/wp-json\/wp\/v2\/tags?post=33335"}],"curies":[{"name":"wp","href":"https:\/\/api.w.org\/{rel}","templated":true}]}}