{"id":43564,"date":"2025-08-26T09:34:01","date_gmt":"2025-08-26T07:34:01","guid":{"rendered":"https:\/\/www.saegenvier.at\/kindergarten-untervaz"},"modified":"2025-09-02T08:24:41","modified_gmt":"2025-09-02T06:24:41","slug":"kindergarten-untervaz","status":"publish","type":"post","link":"https:\/\/www.saegenvier.at\/en\/kindergarten-untervaz","title":{"rendered":"Kindergarten Untervaz"},"content":{"rendered":"<p>Wow! Jetzt ist der nigelnagelneue Kindergarten in Untervaz er\u00f6ffnet. Architekt Rainer Weitschies von der ARGE Weitschies Kr\u00e4henb\u00fchl hat uns f\u00fcr dieses Projekt geholt und wir durften mit den Illustrationen der Kinder die Signaletik ausstrahlen und unterst\u00fctzen. An dieser Stelle ein riesengro\u00dfes Danke an euch Kinder f\u00fcr die supersch\u00f6nen Zeichnungen. Diese wunderbare und so nat\u00fcrlich und heimelig wirkende Architektur, das Zusammenspiel der Materialien und Farben &#8211; der Innenhof mit Garten und Bach &#8211; einfach sch\u00f6n. Und den P\u00e4dagog*innen und den Kindern gef\u00e4llt`s und sie f\u00fchlen sich wohl und alle k\u00f6nnen hier gelassen gemeinsam er wachsen. Danke an Leonie, Lucas und Tim f\u00fcr die feinste Klinge der Gestaltung und Organisation. Und danke an die Auftraggeber*innen. Da w\u00e4ren wir doch auch gerne nochmals im Kindergarten-Alter. Juhu!<\/p>\n","protected":false},"excerpt":{"rendered":"<p>Wow! Jetzt ist der nigelnagelneue Kindergarten in Untervaz er\u00f6ffnet. Architekt Rainer Weitschies von der ARGE Weitschies Kr\u00e4henb\u00fchl hat uns f\u00fcr dieses Projekt geholt und wir durften mit den Illustrationen der Kinder die Signaletik ausstrahlen und unterst\u00fctzen. An dieser Stelle ein riesengro\u00dfes Danke an euch Kinder f\u00fcr die supersch\u00f6nen Zeichnungen. Diese wunderbare und so nat\u00fcrlich und [&hellip;]<\/p>\n","protected":false},"author":12,"featured_media":0,"comment_status":"closed","ping_status":"closed","sticky":false,"template":"","format":"standard","meta":{"footnotes":""},"categories":[601,609],"tags":[],"class_list":["post-43564","post","type-post","status-publish","format-standard","hentry","category-signage-scenography","category-work"],"_links":{"self":[{"href":"https:\/\/www.saegenvier.at\/en\/wp-json\/wp\/v2\/posts\/43564","targetHints":{"allow":["GET"]}}],"collection":[{"href":"https:\/\/www.saegenvier.at\/en\/wp-json\/wp\/v2\/posts"}],"about":[{"href":"https:\/\/www.saegenvier.at\/en\/wp-json\/wp\/v2\/types\/post"}],"author":[{"embeddable":true,"href":"https:\/\/www.saegenvier.at\/en\/wp-json\/wp\/v2\/users\/12"}],"replies":[{"embeddable":true,"href":"https:\/\/www.saegenvier.at\/en\/wp-json\/wp\/v2\/comments?post=43564"}],"version-history":[{"count":0,"href":"https:\/\/www.saegenvier.at\/en\/wp-json\/wp\/v2\/posts\/43564\/revisions"}],"wp:attachment":[{"href":"https:\/\/www.saegenvier.at\/en\/wp-json\/wp\/v2\/media?parent=43564"}],"wp:term":[{"taxonomy":"category","embeddable":true,"href":"https:\/\/www.saegenvier.at\/en\/wp-json\/wp\/v2\/categories?post=43564"},{"taxonomy":"post_tag","embeddable":true,"href":"https:\/\/www.saegenvier.at\/en\/wp-json\/wp\/v2\/tags?post=43564"}],"curies":[{"name":"wp","href":"https:\/\/api.w.org\/{rel}","templated":true}]}}